{"id":7052,"date":"2021-07-14T18:24:24","date_gmt":"2021-07-14T17:24:24","guid":{"rendered":"https:\/\/www.voilco-aster.fr\/blog-sejours-vacances\/?p=7052"},"modified":"2021-07-14T18:24:24","modified_gmt":"2021-07-14T17:24:24","slug":"fini-la-pluie-bientot-le-beau-temps","status":"publish","type":"post","link":"https:\/\/www.voilco-aster.fr\/blog-sejours-vacances\/2021\/07\/14\/fini-la-pluie-bientot-le-beau-temps\/","title":{"rendered":"Fini la pluie, bient\u00f4t le beau temps !"},"content":{"rendered":"\n<p>Saint Priest, 6-10 ans, Mercredi 14 Juillet 2021 <\/p>\n\n\n\n<p>Ch\u00e8res familles,<\/p>\n\n\n\n<p>Apr\u00e8s plusieurs jours \u00e0 l&rsquo;int\u00e9rieur nous avons enfin pu sortir \u00e0 l&rsquo;ext\u00e9rieur ! <\/p>\n\n\n\n<p>Au programme aujourd&rsquo;hui, projets graff, nature et cabanes ! <\/p>\n\n\n\n<p>Un groupe d&rsquo;enfants est parti en randonn\u00e9e, pour 3 jours ! Au programme, nuit sous la tente, chamallow et activit\u00e9s nature !  <\/p>\n\n\n\n<p>Tout se passe bien dans la colo, les enfants s&rsquo;amusent bien.<\/p>\n\n\n\n<p>A bient\u00f4t, <\/p>\n\n\n\n<p>Djibril et S\u00e9r\u00e9nah !<\/p>\n\n\n\n<figure class=\"wp-block-image size-large\"><img loading=\"lazy\" decoding=\"async\" width=\"600\" height=\"800\" src=\"https:\/\/www.voilco-aster.fr\/blog-sejours-vacances\/files\/2021\/07\/WhatsApp-Image-2021-07-14-at-18.40.09-600x800.jpeg\" alt=\"\" class=\"wp-image-7053\" srcset=\"https:\/\/www.voilco-aster.fr\/blog-sejours-vacances\/files\/2021\/07\/WhatsApp-Image-2021-07-14-at-18.40.09-600x800.jpeg 600w, https:\/\/www.voilco-aster.fr\/blog-sejours-vacances\/files\/2021\/07\/WhatsApp-Image-2021-07-14-at-18.40.09-225x300.jpeg 225w, https:\/\/www.voilco-aster.fr\/blog-sejours-vacances\/files\/2021\/07\/WhatsApp-Image-2021-07-14-at-18.40.09-768x1024.jpeg 768w, https:\/\/www.voilco-aster.fr\/blog-sejours-vacances\/files\/2021\/07\/WhatsApp-Image-2021-07-14-at-18.40.09-1152x1536.jpeg 1152w, https:\/\/www.voilco-aster.fr\/blog-sejours-vacances\/files\/2021\/07\/WhatsApp-Image-2021-07-14-at-18.40.09.jpeg 1200w\" sizes=\"auto, (max-width: 600px) 100vw, 600px\" \/><\/figure>\n\n\n\n<figure class=\"wp-block-image size-large\"><img loading=\"lazy\" decoding=\"async\" width=\"800\" height=\"600\" src=\"https:\/\/www.voilco-aster.fr\/blog-sejours-vacances\/files\/2021\/07\/WhatsApp-Image-2021-07-13-at-00.30.59-800x600.jpeg\" alt=\"\" class=\"wp-image-7054\" srcset=\"https:\/\/www.voilco-aster.fr\/blog-sejours-vacances\/files\/2021\/07\/WhatsApp-Image-2021-07-13-at-00.30.59-800x600.jpeg 800w, https:\/\/www.voilco-aster.fr\/blog-sejours-vacances\/files\/2021\/07\/WhatsApp-Image-2021-07-13-at-00.30.59-300x225.jpeg 300w, https:\/\/www.voilco-aster.fr\/blog-sejours-vacances\/files\/2021\/07\/WhatsApp-Image-2021-07-13-at-00.30.59-768x576.jpeg 768w, https:\/\/www.voilco-aster.fr\/blog-sejours-vacances\/files\/2021\/07\/WhatsApp-Image-2021-07-13-at-00.30.59-1536x1152.jpeg 1536w, https:\/\/www.voilco-aster.fr\/blog-sejours-vacances\/files\/2021\/07\/WhatsApp-Image-2021-07-13-at-00.30.59.jpeg 1600w\" sizes=\"auto, (max-width: 800px) 100vw, 800px\" \/><\/figure>\n\n\n\n<figure class=\"wp-block-image size-large\"><img loading=\"lazy\" decoding=\"async\" width=\"800\" height=\"600\" src=\"https:\/\/www.voilco-aster.fr\/blog-sejours-vacances\/files\/2021\/07\/WhatsApp-Image-2021-07-14-at-19.20.49-800x600.jpeg\" alt=\"\" class=\"wp-image-7055\" srcset=\"https:\/\/www.voilco-aster.fr\/blog-sejours-vacances\/files\/2021\/07\/WhatsApp-Image-2021-07-14-at-19.20.49-800x600.jpeg 800w, https:\/\/www.voilco-aster.fr\/blog-sejours-vacances\/files\/2021\/07\/WhatsApp-Image-2021-07-14-at-19.20.49-300x225.jpeg 300w, https:\/\/www.voilco-aster.fr\/blog-sejours-vacances\/files\/2021\/07\/WhatsApp-Image-2021-07-14-at-19.20.49-768x576.jpeg 768w, https:\/\/www.voilco-aster.fr\/blog-sejours-vacances\/files\/2021\/07\/WhatsApp-Image-2021-07-14-at-19.20.49-1536x1152.jpeg 1536w, https:\/\/www.voilco-aster.fr\/blog-sejours-vacances\/files\/2021\/07\/WhatsApp-Image-2021-07-14-at-19.20.49.jpeg 1600w\" sizes=\"auto, (max-width: 800px) 100vw, 800px\" \/><\/figure>\n","protected":false},"excerpt":{"rendered":"<p>Saint Priest, 6-10 ans, Mercredi 14 Juillet 2021 Ch\u00e8res familles, Apr\u00e8s plusieurs jours \u00e0 l&rsquo;int\u00e9rieur nous avons enfin pu sortir \u00e0 l&rsquo;ext\u00e9rieur ! Au programme aujourd&rsquo;hui, projets graff, nature et cabanes ! Un groupe d&rsquo;enfants est parti en randonn\u00e9e, pour 3 jours ! Au programme, nuit sous la tente, chamallow et activit\u00e9s nature ! Tout &hellip; <a href=\"https:\/\/www.voilco-aster.fr\/blog-sejours-vacances\/2021\/07\/14\/fini-la-pluie-bientot-le-beau-temps\/\" class=\"more-link\">Continuer la lecture de <span class=\"screen-reader-text\">Fini la pluie, bient\u00f4t le beau temps !<\/span><\/a><\/p>\n","protected":false},"author":6,"featured_media":0,"comment_status":"open","ping_status":"closed","sticky":false,"template":"","format":"standard","meta":{"footnotes":""},"categories":[1],"tags":[],"class_list":["post-7052","post","type-post","status-publish","format-standard","hentry","category-sejours-ete"],"_links":{"self":[{"href":"https:\/\/www.voilco-aster.fr\/blog-sejours-vacances\/wp-json\/wp\/v2\/posts\/7052","targetHints":{"allow":["GET"]}}],"collection":[{"href":"https:\/\/www.voilco-aster.fr\/blog-sejours-vacances\/wp-json\/wp\/v2\/posts"}],"about":[{"href":"https:\/\/www.voilco-aster.fr\/blog-sejours-vacances\/wp-json\/wp\/v2\/types\/post"}],"author":[{"embeddable":true,"href":"https:\/\/www.voilco-aster.fr\/blog-sejours-vacances\/wp-json\/wp\/v2\/users\/6"}],"replies":[{"embeddable":true,"href":"https:\/\/www.voilco-aster.fr\/blog-sejours-vacances\/wp-json\/wp\/v2\/comments?post=7052"}],"version-history":[{"count":1,"href":"https:\/\/www.voilco-aster.fr\/blog-sejours-vacances\/wp-json\/wp\/v2\/posts\/7052\/revisions"}],"predecessor-version":[{"id":7056,"href":"https:\/\/www.voilco-aster.fr\/blog-sejours-vacances\/wp-json\/wp\/v2\/posts\/7052\/revisions\/7056"}],"wp:attachment":[{"href":"https:\/\/www.voilco-aster.fr\/blog-sejours-vacances\/wp-json\/wp\/v2\/media?parent=7052"}],"wp:term":[{"taxonomy":"category","embeddable":true,"href":"https:\/\/www.voilco-aster.fr\/blog-sejours-vacances\/wp-json\/wp\/v2\/categories?post=7052"},{"taxonomy":"post_tag","embeddable":true,"href":"https:\/\/www.voilco-aster.fr\/blog-sejours-vacances\/wp-json\/wp\/v2\/tags?post=7052"}],"curies":[{"name":"wp","href":"https:\/\/api.w.org\/{rel}","templated":true}]}}