{"id":7058,"date":"2021-07-17T23:31:39","date_gmt":"2021-07-17T22:31:39","guid":{"rendered":"https:\/\/www.voilco-aster.fr\/blog-sejours-vacances\/?p=7058"},"modified":"2021-07-17T23:31:39","modified_gmt":"2021-07-17T22:31:39","slug":"retour-du-soleil-vive-lete","status":"publish","type":"post","link":"https:\/\/www.voilco-aster.fr\/blog-sejours-vacances\/2021\/07\/17\/retour-du-soleil-vive-lete\/","title":{"rendered":"Retour du soleil, vive l&rsquo;\u00e9t\u00e9!"},"content":{"rendered":"\n<p>Ch\u00e8res familles, j&rsquo;esp\u00e8re que vous ne vous ennuyez pas trop sans nous. <\/p>\n\n\n\n<p>Nous ici tout va pour le mieux, nous profitons du lac pour faire du cano\u00e9-kayak.<\/p>\n\n\n\n<p>Aujourd&rsquo;hui, apr\u00e8s cette premi\u00e8re semaine, quelques copains sont rentr\u00e9s chez eux, et d&rsquo;autres nous ont rejoint pour poursuivre les vacances.<\/p>\n\n\n\n<p>Avec le retour du soleil et de la chaleur, nous pouvons enfin profiter de l&rsquo;espace qui s&rsquo;offre \u00e0 nous sur la base de loisirs. <\/p>\n\n\n\n<p>Nous d\u00e9couvrons la for\u00eat et les animaux et les berges de l&rsquo;\u00e9tang.<\/p>\n\n\n\n<p>Nous jouons, nous chantons, nous proposons nos id\u00e9es pour que ces vacances soient encore meilleures !<\/p>\n\n\n\n<p>Certains copains sont partis en randonn\u00e9e pendant 3 jours, avec leur sac \u00e0 dos et leur tente. On a f\u00eat\u00e9 nos retrouvailles autour d&rsquo;un barbecue!<\/p>\n\n\n\n<p><\/p>\n\n\n\n<div class=\"wp-block-file\"><a href=\"https:\/\/www.voilco-aster.fr\/118f8bd4-eb99-426f-9a4f-3c16b262539f\" class=\"wp-block-file__button\" download>T\u00e9l\u00e9charger<\/a><\/div>\n\n\n\n<figure class=\"wp-block-image size-large\"><img decoding=\"async\" src=\"https:\/\/www.voilco-aster.fr\/411677c6-9631-4022-98b0-5d50c434ce55\" alt=\"\" \/><\/figure>\n\n\n\n<figure class=\"wp-block-image size-large\"><img loading=\"lazy\" decoding=\"async\" width=\"800\" height=\"600\" src=\"https:\/\/www.voilco-aster.fr\/blog-sejours-vacances\/files\/2021\/07\/IMG_7443-800x600.jpg\" alt=\"\" class=\"wp-image-7061\" srcset=\"https:\/\/www.voilco-aster.fr\/blog-sejours-vacances\/files\/2021\/07\/IMG_7443-800x600.jpg 800w, https:\/\/www.voilco-aster.fr\/blog-sejours-vacances\/files\/2021\/07\/IMG_7443-300x225.jpg 300w, https:\/\/www.voilco-aster.fr\/blog-sejours-vacances\/files\/2021\/07\/IMG_7443-768x576.jpg 768w, https:\/\/www.voilco-aster.fr\/blog-sejours-vacances\/files\/2021\/07\/IMG_7443-1536x1152.jpg 1536w, https:\/\/www.voilco-aster.fr\/blog-sejours-vacances\/files\/2021\/07\/IMG_7443-2048x1536.jpg 2048w\" sizes=\"auto, (max-width: 800px) 100vw, 800px\" \/><\/figure>\n\n\n\n<figure class=\"wp-block-image size-large\"><img loading=\"lazy\" decoding=\"async\" width=\"600\" height=\"800\" src=\"https:\/\/www.voilco-aster.fr\/blog-sejours-vacances\/files\/2021\/07\/IMG_7451-600x800.jpg\" alt=\"\" class=\"wp-image-7062\" srcset=\"https:\/\/www.voilco-aster.fr\/blog-sejours-vacances\/files\/2021\/07\/IMG_7451-600x800.jpg 600w, https:\/\/www.voilco-aster.fr\/blog-sejours-vacances\/files\/2021\/07\/IMG_7451-225x300.jpg 225w, https:\/\/www.voilco-aster.fr\/blog-sejours-vacances\/files\/2021\/07\/IMG_7451-768x1024.jpg 768w, https:\/\/www.voilco-aster.fr\/blog-sejours-vacances\/files\/2021\/07\/IMG_7451-1152x1536.jpg 1152w, https:\/\/www.voilco-aster.fr\/blog-sejours-vacances\/files\/2021\/07\/IMG_7451-1536x2048.jpg 1536w, https:\/\/www.voilco-aster.fr\/blog-sejours-vacances\/files\/2021\/07\/IMG_7451-scaled.jpg 1920w\" sizes=\"auto, (max-width: 600px) 100vw, 600px\" \/><\/figure>\n\n\n\n<figure class=\"wp-block-image size-large\"><img loading=\"lazy\" decoding=\"async\" width=\"600\" height=\"800\" src=\"https:\/\/www.voilco-aster.fr\/blog-sejours-vacances\/files\/2021\/07\/IMG_7468-600x800.jpg\" alt=\"\" class=\"wp-image-7063\" srcset=\"https:\/\/www.voilco-aster.fr\/blog-sejours-vacances\/files\/2021\/07\/IMG_7468-600x800.jpg 600w, https:\/\/www.voilco-aster.fr\/blog-sejours-vacances\/files\/2021\/07\/IMG_7468-225x300.jpg 225w, https:\/\/www.voilco-aster.fr\/blog-sejours-vacances\/files\/2021\/07\/IMG_7468-768x1024.jpg 768w, https:\/\/www.voilco-aster.fr\/blog-sejours-vacances\/files\/2021\/07\/IMG_7468-1152x1536.jpg 1152w, https:\/\/www.voilco-aster.fr\/blog-sejours-vacances\/files\/2021\/07\/IMG_7468-1536x2048.jpg 1536w, https:\/\/www.voilco-aster.fr\/blog-sejours-vacances\/files\/2021\/07\/IMG_7468-scaled.jpg 1920w\" sizes=\"auto, (max-width: 600px) 100vw, 600px\" \/><\/figure>\n","protected":false},"excerpt":{"rendered":"<p>Ch\u00e8res familles, j&rsquo;esp\u00e8re que vous ne vous ennuyez pas trop sans nous. Nous ici tout va pour le mieux, nous profitons du lac pour faire du cano\u00e9-kayak. Aujourd&rsquo;hui, apr\u00e8s cette premi\u00e8re semaine, quelques copains sont rentr\u00e9s chez eux, et d&rsquo;autres nous ont rejoint pour poursuivre les vacances. Avec le retour du soleil et de la &hellip; <a href=\"https:\/\/www.voilco-aster.fr\/blog-sejours-vacances\/2021\/07\/17\/retour-du-soleil-vive-lete\/\" class=\"more-link\">Continuer la lecture de <span class=\"screen-reader-text\">Retour du soleil, vive l&rsquo;\u00e9t\u00e9!<\/span><\/a><\/p>\n","protected":false},"author":6,"featured_media":0,"comment_status":"open","ping_status":"closed","sticky":false,"template":"","format":"standard","meta":{"footnotes":""},"categories":[1],"tags":[],"class_list":["post-7058","post","type-post","status-publish","format-standard","hentry","category-sejours-ete"],"_links":{"self":[{"href":"https:\/\/www.voilco-aster.fr\/blog-sejours-vacances\/wp-json\/wp\/v2\/posts\/7058","targetHints":{"allow":["GET"]}}],"collection":[{"href":"https:\/\/www.voilco-aster.fr\/blog-sejours-vacances\/wp-json\/wp\/v2\/posts"}],"about":[{"href":"https:\/\/www.voilco-aster.fr\/blog-sejours-vacances\/wp-json\/wp\/v2\/types\/post"}],"author":[{"embeddable":true,"href":"https:\/\/www.voilco-aster.fr\/blog-sejours-vacances\/wp-json\/wp\/v2\/users\/6"}],"replies":[{"embeddable":true,"href":"https:\/\/www.voilco-aster.fr\/blog-sejours-vacances\/wp-json\/wp\/v2\/comments?post=7058"}],"version-history":[{"count":3,"href":"https:\/\/www.voilco-aster.fr\/blog-sejours-vacances\/wp-json\/wp\/v2\/posts\/7058\/revisions"}],"predecessor-version":[{"id":7064,"href":"https:\/\/www.voilco-aster.fr\/blog-sejours-vacances\/wp-json\/wp\/v2\/posts\/7058\/revisions\/7064"}],"wp:attachment":[{"href":"https:\/\/www.voilco-aster.fr\/blog-sejours-vacances\/wp-json\/wp\/v2\/media?parent=7058"}],"wp:term":[{"taxonomy":"category","embeddable":true,"href":"https:\/\/www.voilco-aster.fr\/blog-sejours-vacances\/wp-json\/wp\/v2\/categories?post=7058"},{"taxonomy":"post_tag","embeddable":true,"href":"https:\/\/www.voilco-aster.fr\/blog-sejours-vacances\/wp-json\/wp\/v2\/tags?post=7058"}],"curies":[{"name":"wp","href":"https:\/\/api.w.org\/{rel}","templated":true}]}}