{"id":7065,"date":"2021-07-18T20:00:27","date_gmt":"2021-07-18T19:00:27","guid":{"rendered":"https:\/\/www.voilco-aster.fr\/blog-sejours-vacances\/?p=7065"},"modified":"2021-07-18T20:00:27","modified_gmt":"2021-07-18T19:00:27","slug":"de-la-colo-encore-de-la-colo","status":"publish","type":"post","link":"https:\/\/www.voilco-aster.fr\/blog-sejours-vacances\/2021\/07\/18\/de-la-colo-encore-de-la-colo\/","title":{"rendered":"De la colo, encore de la colo !"},"content":{"rendered":"\n<p>Chers parents,<\/p>\n\n\n\n<p> aujourd&rsquo;hui nous avons pass\u00e9 une belle journ\u00e9e<\/p>\n\n\n\n<p>Nous avons fait du cano\u00e9-kayak et un grand jeu : la capture de drapeau.<\/p>\n\n\n\n<p>Heureusement, le soleil \u00e9tait au rendez vous ! <\/p>\n\n\n\n<p>Moah le cuisinier nous fait de bons plats.<\/p>\n\n\n\n<p>A bient\u00f4t <\/p>\n\n\n\n<p>Aya, Ketienne, Patricia <\/p>\n\n\n\n<figure class=\"wp-block-image size-large\"><img loading=\"lazy\" decoding=\"async\" width=\"800\" height=\"600\" src=\"https:\/\/www.voilco-aster.fr\/blog-sejours-vacances\/files\/2021\/07\/WhatsApp-Image-2021-07-18-at-11.15.45-800x600.jpeg\" alt=\"\" class=\"wp-image-7067\" srcset=\"https:\/\/www.voilco-aster.fr\/blog-sejours-vacances\/files\/2021\/07\/WhatsApp-Image-2021-07-18-at-11.15.45-800x600.jpeg 800w, https:\/\/www.voilco-aster.fr\/blog-sejours-vacances\/files\/2021\/07\/WhatsApp-Image-2021-07-18-at-11.15.45-300x225.jpeg 300w, https:\/\/www.voilco-aster.fr\/blog-sejours-vacances\/files\/2021\/07\/WhatsApp-Image-2021-07-18-at-11.15.45-768x576.jpeg 768w, https:\/\/www.voilco-aster.fr\/blog-sejours-vacances\/files\/2021\/07\/WhatsApp-Image-2021-07-18-at-11.15.45-1536x1152.jpeg 1536w, https:\/\/www.voilco-aster.fr\/blog-sejours-vacances\/files\/2021\/07\/WhatsApp-Image-2021-07-18-at-11.15.45.jpeg 1600w\" sizes=\"auto, (max-width: 800px) 100vw, 800px\" \/><\/figure>\n\n\n\n<figure class=\"wp-block-image size-large\"><img loading=\"lazy\" decoding=\"async\" width=\"800\" height=\"600\" src=\"https:\/\/www.voilco-aster.fr\/blog-sejours-vacances\/files\/2021\/07\/WhatsApp-Image-2021-07-18-at-17.24.36-800x600.jpeg\" alt=\"\" class=\"wp-image-7068\" srcset=\"https:\/\/www.voilco-aster.fr\/blog-sejours-vacances\/files\/2021\/07\/WhatsApp-Image-2021-07-18-at-17.24.36-800x600.jpeg 800w, https:\/\/www.voilco-aster.fr\/blog-sejours-vacances\/files\/2021\/07\/WhatsApp-Image-2021-07-18-at-17.24.36-300x225.jpeg 300w, https:\/\/www.voilco-aster.fr\/blog-sejours-vacances\/files\/2021\/07\/WhatsApp-Image-2021-07-18-at-17.24.36-768x576.jpeg 768w, https:\/\/www.voilco-aster.fr\/blog-sejours-vacances\/files\/2021\/07\/WhatsApp-Image-2021-07-18-at-17.24.36-1536x1152.jpeg 1536w, https:\/\/www.voilco-aster.fr\/blog-sejours-vacances\/files\/2021\/07\/WhatsApp-Image-2021-07-18-at-17.24.36.jpeg 1600w\" sizes=\"auto, (max-width: 800px) 100vw, 800px\" \/><\/figure>\n\n\n\n<figure class=\"wp-block-image size-large\"><img loading=\"lazy\" decoding=\"async\" width=\"800\" height=\"600\" src=\"https:\/\/www.voilco-aster.fr\/blog-sejours-vacances\/files\/2021\/07\/WhatsApp-Image-2021-07-18-at-17.25.28-800x600.jpeg\" alt=\"\" class=\"wp-image-7069\" srcset=\"https:\/\/www.voilco-aster.fr\/blog-sejours-vacances\/files\/2021\/07\/WhatsApp-Image-2021-07-18-at-17.25.28-800x600.jpeg 800w, https:\/\/www.voilco-aster.fr\/blog-sejours-vacances\/files\/2021\/07\/WhatsApp-Image-2021-07-18-at-17.25.28-300x225.jpeg 300w, https:\/\/www.voilco-aster.fr\/blog-sejours-vacances\/files\/2021\/07\/WhatsApp-Image-2021-07-18-at-17.25.28-768x576.jpeg 768w, https:\/\/www.voilco-aster.fr\/blog-sejours-vacances\/files\/2021\/07\/WhatsApp-Image-2021-07-18-at-17.25.28-1536x1152.jpeg 1536w, https:\/\/www.voilco-aster.fr\/blog-sejours-vacances\/files\/2021\/07\/WhatsApp-Image-2021-07-18-at-17.25.28.jpeg 1600w\" sizes=\"auto, (max-width: 800px) 100vw, 800px\" \/><\/figure>\n","protected":false},"excerpt":{"rendered":"<p>Chers parents, aujourd&rsquo;hui nous avons pass\u00e9 une belle journ\u00e9e Nous avons fait du cano\u00e9-kayak et un grand jeu : la capture de drapeau. Heureusement, le soleil \u00e9tait au rendez vous ! Moah le cuisinier nous fait de bons plats. A bient\u00f4t Aya, Ketienne, Patricia<\/p>\n","protected":false},"author":6,"featured_media":0,"comment_status":"open","ping_status":"closed","sticky":false,"template":"","format":"standard","meta":{"footnotes":""},"categories":[1],"tags":[],"class_list":["post-7065","post","type-post","status-publish","format-standard","hentry","category-sejours-ete"],"_links":{"self":[{"href":"https:\/\/www.voilco-aster.fr\/blog-sejours-vacances\/wp-json\/wp\/v2\/posts\/7065","targetHints":{"allow":["GET"]}}],"collection":[{"href":"https:\/\/www.voilco-aster.fr\/blog-sejours-vacances\/wp-json\/wp\/v2\/posts"}],"about":[{"href":"https:\/\/www.voilco-aster.fr\/blog-sejours-vacances\/wp-json\/wp\/v2\/types\/post"}],"author":[{"embeddable":true,"href":"https:\/\/www.voilco-aster.fr\/blog-sejours-vacances\/wp-json\/wp\/v2\/users\/6"}],"replies":[{"embeddable":true,"href":"https:\/\/www.voilco-aster.fr\/blog-sejours-vacances\/wp-json\/wp\/v2\/comments?post=7065"}],"version-history":[{"count":1,"href":"https:\/\/www.voilco-aster.fr\/blog-sejours-vacances\/wp-json\/wp\/v2\/posts\/7065\/revisions"}],"predecessor-version":[{"id":7070,"href":"https:\/\/www.voilco-aster.fr\/blog-sejours-vacances\/wp-json\/wp\/v2\/posts\/7065\/revisions\/7070"}],"wp:attachment":[{"href":"https:\/\/www.voilco-aster.fr\/blog-sejours-vacances\/wp-json\/wp\/v2\/media?parent=7065"}],"wp:term":[{"taxonomy":"category","embeddable":true,"href":"https:\/\/www.voilco-aster.fr\/blog-sejours-vacances\/wp-json\/wp\/v2\/categories?post=7065"},{"taxonomy":"post_tag","embeddable":true,"href":"https:\/\/www.voilco-aster.fr\/blog-sejours-vacances\/wp-json\/wp\/v2\/tags?post=7065"}],"curies":[{"name":"wp","href":"https:\/\/api.w.org\/{rel}","templated":true}]}}