{"id":7072,"date":"2021-07-24T18:28:15","date_gmt":"2021-07-24T17:28:15","guid":{"rendered":"https:\/\/www.voilco-aster.fr\/blog-sejours-vacances\/?p=7072"},"modified":"2021-07-24T18:28:15","modified_gmt":"2021-07-24T17:28:15","slug":"des-departs-et-des-arrivees","status":"publish","type":"post","link":"https:\/\/www.voilco-aster.fr\/blog-sejours-vacances\/2021\/07\/24\/des-departs-et-des-arrivees\/","title":{"rendered":"Des d\u00e9parts et des arriv\u00e9es !"},"content":{"rendered":"\n<p>Ch\u00e8res familles,<\/p>\n\n\n\n<p>Aujourd&rsquo;hui de nouveaux enfants sont arriv\u00e9s \u00e0 la colonie ! Nous les avons bien accueillis et avons pass\u00e9 la journ\u00e9e \u00e0 faire diff\u00e9rents jeux. <\/p>\n\n\n\n<p>Au programme : Un poule Renard Vip\u00e8re, du Cano\u00e9 Kayak, une Tech et encore plus !<\/p>\n\n\n\n<p>Tout se passe bien, et nous esp\u00e9rons avoir du beau temps.<\/p>\n\n\n\n<p>Moah, notre cuisinier continue de nous r\u00e9galer!<\/p>\n\n\n\n<p>Voici des photos des derniers jours,<\/p>\n\n\n\n<p>A tr\u00e8s bient\u00f4t<\/p>\n\n\n\n<p>Ahmed, Gerard et Lucas<\/p>\n\n\n\n<figure class=\"wp-block-image size-large\"><img loading=\"lazy\" decoding=\"async\" width=\"800\" height=\"600\" src=\"https:\/\/www.voilco-aster.fr\/blog-sejours-vacances\/files\/2021\/07\/WhatsApp-Image-2021-07-22-at-00.01.01-800x600.jpeg\" alt=\"\" class=\"wp-image-7074\" srcset=\"https:\/\/www.voilco-aster.fr\/blog-sejours-vacances\/files\/2021\/07\/WhatsApp-Image-2021-07-22-at-00.01.01-800x600.jpeg 800w, https:\/\/www.voilco-aster.fr\/blog-sejours-vacances\/files\/2021\/07\/WhatsApp-Image-2021-07-22-at-00.01.01-300x225.jpeg 300w, https:\/\/www.voilco-aster.fr\/blog-sejours-vacances\/files\/2021\/07\/WhatsApp-Image-2021-07-22-at-00.01.01-768x576.jpeg 768w, https:\/\/www.voilco-aster.fr\/blog-sejours-vacances\/files\/2021\/07\/WhatsApp-Image-2021-07-22-at-00.01.01-1536x1152.jpeg 1536w, https:\/\/www.voilco-aster.fr\/blog-sejours-vacances\/files\/2021\/07\/WhatsApp-Image-2021-07-22-at-00.01.01.jpeg 1600w\" sizes=\"auto, (max-width: 800px) 100vw, 800px\" \/><\/figure>\n\n\n\n<figure class=\"wp-block-image size-large\"><img loading=\"lazy\" decoding=\"async\" width=\"800\" height=\"450\" src=\"https:\/\/www.voilco-aster.fr\/blog-sejours-vacances\/files\/2021\/07\/WhatsApp-Image-2021-07-22-at-11.11.07-800x450.jpeg\" alt=\"\" class=\"wp-image-7075\" srcset=\"https:\/\/www.voilco-aster.fr\/blog-sejours-vacances\/files\/2021\/07\/WhatsApp-Image-2021-07-22-at-11.11.07-800x450.jpeg 800w, https:\/\/www.voilco-aster.fr\/blog-sejours-vacances\/files\/2021\/07\/WhatsApp-Image-2021-07-22-at-11.11.07-300x169.jpeg 300w, https:\/\/www.voilco-aster.fr\/blog-sejours-vacances\/files\/2021\/07\/WhatsApp-Image-2021-07-22-at-11.11.07-768x432.jpeg 768w, https:\/\/www.voilco-aster.fr\/blog-sejours-vacances\/files\/2021\/07\/WhatsApp-Image-2021-07-22-at-11.11.07-1536x864.jpeg 1536w, https:\/\/www.voilco-aster.fr\/blog-sejours-vacances\/files\/2021\/07\/WhatsApp-Image-2021-07-22-at-11.11.07.jpeg 1599w\" sizes=\"auto, (max-width: 800px) 100vw, 800px\" \/><\/figure>\n\n\n\n<figure class=\"wp-block-image size-large\"><img loading=\"lazy\" decoding=\"async\" width=\"450\" height=\"800\" src=\"https:\/\/www.voilco-aster.fr\/blog-sejours-vacances\/files\/2021\/07\/WhatsApp-Image-2021-07-22-at-11.45.41-450x800.jpeg\" alt=\"\" class=\"wp-image-7076\" srcset=\"https:\/\/www.voilco-aster.fr\/blog-sejours-vacances\/files\/2021\/07\/WhatsApp-Image-2021-07-22-at-11.45.41-450x800.jpeg 450w, https:\/\/www.voilco-aster.fr\/blog-sejours-vacances\/files\/2021\/07\/WhatsApp-Image-2021-07-22-at-11.45.41-169x300.jpeg 169w, https:\/\/www.voilco-aster.fr\/blog-sejours-vacances\/files\/2021\/07\/WhatsApp-Image-2021-07-22-at-11.45.41-768x1366.jpeg 768w, https:\/\/www.voilco-aster.fr\/blog-sejours-vacances\/files\/2021\/07\/WhatsApp-Image-2021-07-22-at-11.45.41-864x1536.jpeg 864w, https:\/\/www.voilco-aster.fr\/blog-sejours-vacances\/files\/2021\/07\/WhatsApp-Image-2021-07-22-at-11.45.41.jpeg 899w\" sizes=\"auto, (max-width: 450px) 100vw, 450px\" \/><\/figure>\n\n\n\n<figure class=\"wp-block-image size-large\"><img loading=\"lazy\" decoding=\"async\" width=\"800\" height=\"450\" src=\"https:\/\/www.voilco-aster.fr\/blog-sejours-vacances\/files\/2021\/07\/WhatsApp-Image-2021-07-22-at-11.42.40-800x450.jpeg\" alt=\"\" class=\"wp-image-7077\" srcset=\"https:\/\/www.voilco-aster.fr\/blog-sejours-vacances\/files\/2021\/07\/WhatsApp-Image-2021-07-22-at-11.42.40-800x450.jpeg 800w, https:\/\/www.voilco-aster.fr\/blog-sejours-vacances\/files\/2021\/07\/WhatsApp-Image-2021-07-22-at-11.42.40-300x169.jpeg 300w, https:\/\/www.voilco-aster.fr\/blog-sejours-vacances\/files\/2021\/07\/WhatsApp-Image-2021-07-22-at-11.42.40-768x432.jpeg 768w, https:\/\/www.voilco-aster.fr\/blog-sejours-vacances\/files\/2021\/07\/WhatsApp-Image-2021-07-22-at-11.42.40-1536x864.jpeg 1536w, https:\/\/www.voilco-aster.fr\/blog-sejours-vacances\/files\/2021\/07\/WhatsApp-Image-2021-07-22-at-11.42.40.jpeg 1599w\" sizes=\"auto, (max-width: 800px) 100vw, 800px\" \/><\/figure>\n","protected":false},"excerpt":{"rendered":"<p>Ch\u00e8res familles, Aujourd&rsquo;hui de nouveaux enfants sont arriv\u00e9s \u00e0 la colonie ! Nous les avons bien accueillis et avons pass\u00e9 la journ\u00e9e \u00e0 faire diff\u00e9rents jeux. Au programme : Un poule Renard Vip\u00e8re, du Cano\u00e9 Kayak, une Tech et encore plus ! Tout se passe bien, et nous esp\u00e9rons avoir du beau temps. Moah, notre &hellip; <a href=\"https:\/\/www.voilco-aster.fr\/blog-sejours-vacances\/2021\/07\/24\/des-departs-et-des-arrivees\/\" class=\"more-link\">Continuer la lecture de <span class=\"screen-reader-text\">Des d\u00e9parts et des arriv\u00e9es !<\/span><\/a><\/p>\n","protected":false},"author":6,"featured_media":0,"comment_status":"open","ping_status":"closed","sticky":false,"template":"","format":"standard","meta":{"footnotes":""},"categories":[1],"tags":[],"class_list":["post-7072","post","type-post","status-publish","format-standard","hentry","category-sejours-ete"],"_links":{"self":[{"href":"https:\/\/www.voilco-aster.fr\/blog-sejours-vacances\/wp-json\/wp\/v2\/posts\/7072","targetHints":{"allow":["GET"]}}],"collection":[{"href":"https:\/\/www.voilco-aster.fr\/blog-sejours-vacances\/wp-json\/wp\/v2\/posts"}],"about":[{"href":"https:\/\/www.voilco-aster.fr\/blog-sejours-vacances\/wp-json\/wp\/v2\/types\/post"}],"author":[{"embeddable":true,"href":"https:\/\/www.voilco-aster.fr\/blog-sejours-vacances\/wp-json\/wp\/v2\/users\/6"}],"replies":[{"embeddable":true,"href":"https:\/\/www.voilco-aster.fr\/blog-sejours-vacances\/wp-json\/wp\/v2\/comments?post=7072"}],"version-history":[{"count":1,"href":"https:\/\/www.voilco-aster.fr\/blog-sejours-vacances\/wp-json\/wp\/v2\/posts\/7072\/revisions"}],"predecessor-version":[{"id":7078,"href":"https:\/\/www.voilco-aster.fr\/blog-sejours-vacances\/wp-json\/wp\/v2\/posts\/7072\/revisions\/7078"}],"wp:attachment":[{"href":"https:\/\/www.voilco-aster.fr\/blog-sejours-vacances\/wp-json\/wp\/v2\/media?parent=7072"}],"wp:term":[{"taxonomy":"category","embeddable":true,"href":"https:\/\/www.voilco-aster.fr\/blog-sejours-vacances\/wp-json\/wp\/v2\/categories?post=7072"},{"taxonomy":"post_tag","embeddable":true,"href":"https:\/\/www.voilco-aster.fr\/blog-sejours-vacances\/wp-json\/wp\/v2\/tags?post=7072"}],"curies":[{"name":"wp","href":"https:\/\/api.w.org\/{rel}","templated":true}]}}