{"id":7084,"date":"2021-07-27T00:16:35","date_gmt":"2021-07-26T23:16:35","guid":{"rendered":"https:\/\/www.voilco-aster.fr\/blog-sejours-vacances\/?p=7084"},"modified":"2021-07-27T00:16:35","modified_gmt":"2021-07-26T23:16:35","slug":"un-nouveau-jour-a-la-colo","status":"publish","type":"post","link":"https:\/\/www.voilco-aster.fr\/blog-sejours-vacances\/2021\/07\/27\/un-nouveau-jour-a-la-colo\/","title":{"rendered":"Un nouveau jour \u00e0 la colo"},"content":{"rendered":"\n<p>Ch\u00e8res familles,<\/p>\n\n\n\n<p>Aujourd&rsquo;hui au programme : atelier cuisine ( nous avons fait un crumble !),  fresque coop\u00e9rative, sports en tout genre et guitare au bord de l&rsquo;eau.<\/p>\n\n\n\n<p>Nous avons eu de la chance avec la m\u00e9t\u00e9o qui s&rsquo;est av\u00e9r\u00e9e tr\u00e8s bonne. Les enfants dorment bien et continuent de se r\u00e9galer avec les plats pr\u00e9par\u00e9s en cuisine. <\/p>\n\n\n\n<p>A demain pour de nouvelles aventures ! <\/p>\n\n\n\n<figure class=\"wp-block-image size-large\"><img loading=\"lazy\" decoding=\"async\" width=\"600\" height=\"800\" src=\"https:\/\/www.voilco-aster.fr\/blog-sejours-vacances\/files\/2021\/07\/WhatsApp-Image-2021-07-26-at-21.17.43-600x800.jpeg\" alt=\"\" class=\"wp-image-7085\" srcset=\"https:\/\/www.voilco-aster.fr\/blog-sejours-vacances\/files\/2021\/07\/WhatsApp-Image-2021-07-26-at-21.17.43-600x800.jpeg 600w, https:\/\/www.voilco-aster.fr\/blog-sejours-vacances\/files\/2021\/07\/WhatsApp-Image-2021-07-26-at-21.17.43-225x300.jpeg 225w, https:\/\/www.voilco-aster.fr\/blog-sejours-vacances\/files\/2021\/07\/WhatsApp-Image-2021-07-26-at-21.17.43-768x1024.jpeg 768w, https:\/\/www.voilco-aster.fr\/blog-sejours-vacances\/files\/2021\/07\/WhatsApp-Image-2021-07-26-at-21.17.43-1152x1536.jpeg 1152w, https:\/\/www.voilco-aster.fr\/blog-sejours-vacances\/files\/2021\/07\/WhatsApp-Image-2021-07-26-at-21.17.43.jpeg 1200w\" sizes=\"auto, (max-width: 600px) 100vw, 600px\" \/><\/figure>\n\n\n\n<figure class=\"wp-block-image size-large\"><img loading=\"lazy\" decoding=\"async\" width=\"800\" height=\"600\" src=\"https:\/\/www.voilco-aster.fr\/blog-sejours-vacances\/files\/2021\/07\/WhatsApp-Image-2021-07-26-at-16.18.57-800x600.jpeg\" alt=\"\" class=\"wp-image-7086\" srcset=\"https:\/\/www.voilco-aster.fr\/blog-sejours-vacances\/files\/2021\/07\/WhatsApp-Image-2021-07-26-at-16.18.57-800x600.jpeg 800w, https:\/\/www.voilco-aster.fr\/blog-sejours-vacances\/files\/2021\/07\/WhatsApp-Image-2021-07-26-at-16.18.57-300x225.jpeg 300w, https:\/\/www.voilco-aster.fr\/blog-sejours-vacances\/files\/2021\/07\/WhatsApp-Image-2021-07-26-at-16.18.57-768x576.jpeg 768w, https:\/\/www.voilco-aster.fr\/blog-sejours-vacances\/files\/2021\/07\/WhatsApp-Image-2021-07-26-at-16.18.57-1536x1152.jpeg 1536w, https:\/\/www.voilco-aster.fr\/blog-sejours-vacances\/files\/2021\/07\/WhatsApp-Image-2021-07-26-at-16.18.57.jpeg 1600w\" sizes=\"auto, (max-width: 800px) 100vw, 800px\" \/><\/figure>\n\n\n\n<figure class=\"wp-block-image size-large\"><img loading=\"lazy\" decoding=\"async\" width=\"600\" height=\"800\" src=\"https:\/\/www.voilco-aster.fr\/blog-sejours-vacances\/files\/2021\/07\/WhatsApp-Image-2021-07-26-at-16.08.58-600x800.jpeg\" alt=\"\" class=\"wp-image-7087\" srcset=\"https:\/\/www.voilco-aster.fr\/blog-sejours-vacances\/files\/2021\/07\/WhatsApp-Image-2021-07-26-at-16.08.58-600x800.jpeg 600w, https:\/\/www.voilco-aster.fr\/blog-sejours-vacances\/files\/2021\/07\/WhatsApp-Image-2021-07-26-at-16.08.58-225x300.jpeg 225w, https:\/\/www.voilco-aster.fr\/blog-sejours-vacances\/files\/2021\/07\/WhatsApp-Image-2021-07-26-at-16.08.58-768x1024.jpeg 768w, https:\/\/www.voilco-aster.fr\/blog-sejours-vacances\/files\/2021\/07\/WhatsApp-Image-2021-07-26-at-16.08.58-1152x1536.jpeg 1152w, https:\/\/www.voilco-aster.fr\/blog-sejours-vacances\/files\/2021\/07\/WhatsApp-Image-2021-07-26-at-16.08.58.jpeg 1200w\" sizes=\"auto, (max-width: 600px) 100vw, 600px\" \/><\/figure>\n\n\n\n<figure class=\"wp-block-image size-large\"><img loading=\"lazy\" decoding=\"async\" width=\"800\" height=\"600\" src=\"https:\/\/www.voilco-aster.fr\/blog-sejours-vacances\/files\/2021\/07\/WhatsApp-Image-2021-07-26-at-16.04.56-800x600.jpeg\" alt=\"\" class=\"wp-image-7088\" srcset=\"https:\/\/www.voilco-aster.fr\/blog-sejours-vacances\/files\/2021\/07\/WhatsApp-Image-2021-07-26-at-16.04.56-800x600.jpeg 800w, https:\/\/www.voilco-aster.fr\/blog-sejours-vacances\/files\/2021\/07\/WhatsApp-Image-2021-07-26-at-16.04.56-300x225.jpeg 300w, https:\/\/www.voilco-aster.fr\/blog-sejours-vacances\/files\/2021\/07\/WhatsApp-Image-2021-07-26-at-16.04.56-768x576.jpeg 768w, https:\/\/www.voilco-aster.fr\/blog-sejours-vacances\/files\/2021\/07\/WhatsApp-Image-2021-07-26-at-16.04.56-1536x1152.jpeg 1536w, https:\/\/www.voilco-aster.fr\/blog-sejours-vacances\/files\/2021\/07\/WhatsApp-Image-2021-07-26-at-16.04.56.jpeg 1600w\" sizes=\"auto, (max-width: 800px) 100vw, 800px\" \/><\/figure>\n\n\n\n<figure class=\"wp-block-image size-large\"><img loading=\"lazy\" decoding=\"async\" width=\"800\" height=\"600\" src=\"https:\/\/www.voilco-aster.fr\/blog-sejours-vacances\/files\/2021\/07\/WhatsApp-Image-2021-07-26-at-11.37.01-800x600.jpeg\" alt=\"\" class=\"wp-image-7089\" srcset=\"https:\/\/www.voilco-aster.fr\/blog-sejours-vacances\/files\/2021\/07\/WhatsApp-Image-2021-07-26-at-11.37.01-800x600.jpeg 800w, https:\/\/www.voilco-aster.fr\/blog-sejours-vacances\/files\/2021\/07\/WhatsApp-Image-2021-07-26-at-11.37.01-300x225.jpeg 300w, https:\/\/www.voilco-aster.fr\/blog-sejours-vacances\/files\/2021\/07\/WhatsApp-Image-2021-07-26-at-11.37.01-768x576.jpeg 768w, https:\/\/www.voilco-aster.fr\/blog-sejours-vacances\/files\/2021\/07\/WhatsApp-Image-2021-07-26-at-11.37.01-1536x1152.jpeg 1536w, https:\/\/www.voilco-aster.fr\/blog-sejours-vacances\/files\/2021\/07\/WhatsApp-Image-2021-07-26-at-11.37.01.jpeg 1600w\" sizes=\"auto, (max-width: 800px) 100vw, 800px\" \/><\/figure>\n","protected":false},"excerpt":{"rendered":"<p>Ch\u00e8res familles, Aujourd&rsquo;hui au programme : atelier cuisine ( nous avons fait un crumble !), fresque coop\u00e9rative, sports en tout genre et guitare au bord de l&rsquo;eau. Nous avons eu de la chance avec la m\u00e9t\u00e9o qui s&rsquo;est av\u00e9r\u00e9e tr\u00e8s bonne. Les enfants dorment bien et continuent de se r\u00e9galer avec les plats pr\u00e9par\u00e9s en &hellip; <a href=\"https:\/\/www.voilco-aster.fr\/blog-sejours-vacances\/2021\/07\/27\/un-nouveau-jour-a-la-colo\/\" class=\"more-link\">Continuer la lecture de <span class=\"screen-reader-text\">Un nouveau jour \u00e0 la colo<\/span><\/a><\/p>\n","protected":false},"author":6,"featured_media":0,"comment_status":"open","ping_status":"closed","sticky":false,"template":"","format":"standard","meta":{"footnotes":""},"categories":[1],"tags":[],"class_list":["post-7084","post","type-post","status-publish","format-standard","hentry","category-sejours-ete"],"_links":{"self":[{"href":"https:\/\/www.voilco-aster.fr\/blog-sejours-vacances\/wp-json\/wp\/v2\/posts\/7084","targetHints":{"allow":["GET"]}}],"collection":[{"href":"https:\/\/www.voilco-aster.fr\/blog-sejours-vacances\/wp-json\/wp\/v2\/posts"}],"about":[{"href":"https:\/\/www.voilco-aster.fr\/blog-sejours-vacances\/wp-json\/wp\/v2\/types\/post"}],"author":[{"embeddable":true,"href":"https:\/\/www.voilco-aster.fr\/blog-sejours-vacances\/wp-json\/wp\/v2\/users\/6"}],"replies":[{"embeddable":true,"href":"https:\/\/www.voilco-aster.fr\/blog-sejours-vacances\/wp-json\/wp\/v2\/comments?post=7084"}],"version-history":[{"count":1,"href":"https:\/\/www.voilco-aster.fr\/blog-sejours-vacances\/wp-json\/wp\/v2\/posts\/7084\/revisions"}],"predecessor-version":[{"id":7090,"href":"https:\/\/www.voilco-aster.fr\/blog-sejours-vacances\/wp-json\/wp\/v2\/posts\/7084\/revisions\/7090"}],"wp:attachment":[{"href":"https:\/\/www.voilco-aster.fr\/blog-sejours-vacances\/wp-json\/wp\/v2\/media?parent=7084"}],"wp:term":[{"taxonomy":"category","embeddable":true,"href":"https:\/\/www.voilco-aster.fr\/blog-sejours-vacances\/wp-json\/wp\/v2\/categories?post=7084"},{"taxonomy":"post_tag","embeddable":true,"href":"https:\/\/www.voilco-aster.fr\/blog-sejours-vacances\/wp-json\/wp\/v2\/tags?post=7084"}],"curies":[{"name":"wp","href":"https:\/\/api.w.org\/{rel}","templated":true}]}}