{"id":7091,"date":"2021-07-28T23:52:19","date_gmt":"2021-07-28T22:52:19","guid":{"rendered":"https:\/\/www.voilco-aster.fr\/blog-sejours-vacances\/?p=7091"},"modified":"2021-07-28T23:52:19","modified_gmt":"2021-07-28T22:52:19","slug":"bientot-la-fin","status":"publish","type":"post","link":"https:\/\/www.voilco-aster.fr\/blog-sejours-vacances\/2021\/07\/28\/bientot-la-fin\/","title":{"rendered":"Bient\u00f4t la fin !"},"content":{"rendered":"\n<p>Ch\u00e8res familles,<\/p>\n\n\n\n<p>La fin approche et nos diff\u00e9rents projets avancent \u00e9galement ! <\/p>\n\n\n\n<p>Des enfants sont partis ce matin en rando, tandis que d&rsquo;autres poursuivaient leurs activit\u00e9s th\u00e9\u00e2tre, cano\u00e9 kayak ou encore cuisine!<\/p>\n\n\n\n<p>Le soleil a fait son apparition en fin de journ\u00e9e, nous avons pu manger dehors.<\/p>\n\n\n\n<p>Nous profitons des derniers jours, avant le grand retour !<\/p>\n\n\n\n<p>A bient\u00f4t <\/p>\n\n\n\n<figure class=\"wp-block-image size-large\"><img loading=\"lazy\" decoding=\"async\" width=\"800\" height=\"600\" src=\"https:\/\/www.voilco-aster.fr\/blog-sejours-vacances\/files\/2021\/07\/WhatsApp-Image-2021-07-28-at-14.07.22-800x600.jpeg\" alt=\"\" class=\"wp-image-7092\" srcset=\"https:\/\/www.voilco-aster.fr\/blog-sejours-vacances\/files\/2021\/07\/WhatsApp-Image-2021-07-28-at-14.07.22-800x600.jpeg 800w, https:\/\/www.voilco-aster.fr\/blog-sejours-vacances\/files\/2021\/07\/WhatsApp-Image-2021-07-28-at-14.07.22-300x225.jpeg 300w, https:\/\/www.voilco-aster.fr\/blog-sejours-vacances\/files\/2021\/07\/WhatsApp-Image-2021-07-28-at-14.07.22-768x576.jpeg 768w, https:\/\/www.voilco-aster.fr\/blog-sejours-vacances\/files\/2021\/07\/WhatsApp-Image-2021-07-28-at-14.07.22-1536x1152.jpeg 1536w, https:\/\/www.voilco-aster.fr\/blog-sejours-vacances\/files\/2021\/07\/WhatsApp-Image-2021-07-28-at-14.07.22.jpeg 1600w\" sizes=\"auto, (max-width: 800px) 100vw, 800px\" \/><\/figure>\n\n\n\n<figure class=\"wp-block-image size-large\"><img loading=\"lazy\" decoding=\"async\" width=\"600\" height=\"800\" src=\"https:\/\/www.voilco-aster.fr\/blog-sejours-vacances\/files\/2021\/07\/WhatsApp-Image-2021-07-28-at-14.34.14-600x800.jpeg\" alt=\"\" class=\"wp-image-7093\" srcset=\"https:\/\/www.voilco-aster.fr\/blog-sejours-vacances\/files\/2021\/07\/WhatsApp-Image-2021-07-28-at-14.34.14-600x800.jpeg 600w, https:\/\/www.voilco-aster.fr\/blog-sejours-vacances\/files\/2021\/07\/WhatsApp-Image-2021-07-28-at-14.34.14-225x300.jpeg 225w, https:\/\/www.voilco-aster.fr\/blog-sejours-vacances\/files\/2021\/07\/WhatsApp-Image-2021-07-28-at-14.34.14-768x1024.jpeg 768w, https:\/\/www.voilco-aster.fr\/blog-sejours-vacances\/files\/2021\/07\/WhatsApp-Image-2021-07-28-at-14.34.14-1152x1536.jpeg 1152w, https:\/\/www.voilco-aster.fr\/blog-sejours-vacances\/files\/2021\/07\/WhatsApp-Image-2021-07-28-at-14.34.14.jpeg 1200w\" sizes=\"auto, (max-width: 600px) 100vw, 600px\" \/><\/figure>\n\n\n\n<figure class=\"wp-block-image size-large\"><img loading=\"lazy\" decoding=\"async\" width=\"600\" height=\"800\" src=\"https:\/\/www.voilco-aster.fr\/blog-sejours-vacances\/files\/2021\/07\/WhatsApp-Image-2021-07-28-at-14.34.45-600x800.jpeg\" alt=\"\" class=\"wp-image-7094\" srcset=\"https:\/\/www.voilco-aster.fr\/blog-sejours-vacances\/files\/2021\/07\/WhatsApp-Image-2021-07-28-at-14.34.45-600x800.jpeg 600w, https:\/\/www.voilco-aster.fr\/blog-sejours-vacances\/files\/2021\/07\/WhatsApp-Image-2021-07-28-at-14.34.45-225x300.jpeg 225w, https:\/\/www.voilco-aster.fr\/blog-sejours-vacances\/files\/2021\/07\/WhatsApp-Image-2021-07-28-at-14.34.45-768x1024.jpeg 768w, https:\/\/www.voilco-aster.fr\/blog-sejours-vacances\/files\/2021\/07\/WhatsApp-Image-2021-07-28-at-14.34.45-1152x1536.jpeg 1152w, https:\/\/www.voilco-aster.fr\/blog-sejours-vacances\/files\/2021\/07\/WhatsApp-Image-2021-07-28-at-14.34.45.jpeg 1200w\" sizes=\"auto, (max-width: 600px) 100vw, 600px\" \/><\/figure>\n\n\n\n<figure class=\"wp-block-image size-large\"><img loading=\"lazy\" decoding=\"async\" width=\"800\" height=\"450\" src=\"https:\/\/www.voilco-aster.fr\/blog-sejours-vacances\/files\/2021\/07\/WhatsApp-Image-2021-07-28-at-14.39.03-800x450.jpeg\" alt=\"\" class=\"wp-image-7095\" srcset=\"https:\/\/www.voilco-aster.fr\/blog-sejours-vacances\/files\/2021\/07\/WhatsApp-Image-2021-07-28-at-14.39.03-800x450.jpeg 800w, https:\/\/www.voilco-aster.fr\/blog-sejours-vacances\/files\/2021\/07\/WhatsApp-Image-2021-07-28-at-14.39.03-300x169.jpeg 300w, https:\/\/www.voilco-aster.fr\/blog-sejours-vacances\/files\/2021\/07\/WhatsApp-Image-2021-07-28-at-14.39.03-768x432.jpeg 768w, https:\/\/www.voilco-aster.fr\/blog-sejours-vacances\/files\/2021\/07\/WhatsApp-Image-2021-07-28-at-14.39.03-1536x864.jpeg 1536w, https:\/\/www.voilco-aster.fr\/blog-sejours-vacances\/files\/2021\/07\/WhatsApp-Image-2021-07-28-at-14.39.03.jpeg 1600w\" sizes=\"auto, (max-width: 800px) 100vw, 800px\" \/><\/figure>\n\n\n\n<figure class=\"wp-block-image size-large\"><img loading=\"lazy\" decoding=\"async\" width=\"800\" height=\"600\" src=\"https:\/\/www.voilco-aster.fr\/blog-sejours-vacances\/files\/2021\/07\/WhatsApp-Image-2021-07-29-at-00.29.30-800x600.jpeg\" alt=\"\" class=\"wp-image-7096\" srcset=\"https:\/\/www.voilco-aster.fr\/blog-sejours-vacances\/files\/2021\/07\/WhatsApp-Image-2021-07-29-at-00.29.30-800x600.jpeg 800w, https:\/\/www.voilco-aster.fr\/blog-sejours-vacances\/files\/2021\/07\/WhatsApp-Image-2021-07-29-at-00.29.30-300x225.jpeg 300w, https:\/\/www.voilco-aster.fr\/blog-sejours-vacances\/files\/2021\/07\/WhatsApp-Image-2021-07-29-at-00.29.30-768x576.jpeg 768w, https:\/\/www.voilco-aster.fr\/blog-sejours-vacances\/files\/2021\/07\/WhatsApp-Image-2021-07-29-at-00.29.30-1536x1152.jpeg 1536w, https:\/\/www.voilco-aster.fr\/blog-sejours-vacances\/files\/2021\/07\/WhatsApp-Image-2021-07-29-at-00.29.30.jpeg 1600w\" sizes=\"auto, (max-width: 800px) 100vw, 800px\" \/><\/figure>\n","protected":false},"excerpt":{"rendered":"<p>Ch\u00e8res familles, La fin approche et nos diff\u00e9rents projets avancent \u00e9galement ! Des enfants sont partis ce matin en rando, tandis que d&rsquo;autres poursuivaient leurs activit\u00e9s th\u00e9\u00e2tre, cano\u00e9 kayak ou encore cuisine! Le soleil a fait son apparition en fin de journ\u00e9e, nous avons pu manger dehors. Nous profitons des derniers jours, avant le grand &hellip; <a href=\"https:\/\/www.voilco-aster.fr\/blog-sejours-vacances\/2021\/07\/28\/bientot-la-fin\/\" class=\"more-link\">Continuer la lecture de <span class=\"screen-reader-text\">Bient\u00f4t la fin !<\/span><\/a><\/p>\n","protected":false},"author":6,"featured_media":0,"comment_status":"open","ping_status":"closed","sticky":false,"template":"","format":"standard","meta":{"footnotes":""},"categories":[1],"tags":[],"class_list":["post-7091","post","type-post","status-publish","format-standard","hentry","category-sejours-ete"],"_links":{"self":[{"href":"https:\/\/www.voilco-aster.fr\/blog-sejours-vacances\/wp-json\/wp\/v2\/posts\/7091","targetHints":{"allow":["GET"]}}],"collection":[{"href":"https:\/\/www.voilco-aster.fr\/blog-sejours-vacances\/wp-json\/wp\/v2\/posts"}],"about":[{"href":"https:\/\/www.voilco-aster.fr\/blog-sejours-vacances\/wp-json\/wp\/v2\/types\/post"}],"author":[{"embeddable":true,"href":"https:\/\/www.voilco-aster.fr\/blog-sejours-vacances\/wp-json\/wp\/v2\/users\/6"}],"replies":[{"embeddable":true,"href":"https:\/\/www.voilco-aster.fr\/blog-sejours-vacances\/wp-json\/wp\/v2\/comments?post=7091"}],"version-history":[{"count":1,"href":"https:\/\/www.voilco-aster.fr\/blog-sejours-vacances\/wp-json\/wp\/v2\/posts\/7091\/revisions"}],"predecessor-version":[{"id":7097,"href":"https:\/\/www.voilco-aster.fr\/blog-sejours-vacances\/wp-json\/wp\/v2\/posts\/7091\/revisions\/7097"}],"wp:attachment":[{"href":"https:\/\/www.voilco-aster.fr\/blog-sejours-vacances\/wp-json\/wp\/v2\/media?parent=7091"}],"wp:term":[{"taxonomy":"category","embeddable":true,"href":"https:\/\/www.voilco-aster.fr\/blog-sejours-vacances\/wp-json\/wp\/v2\/categories?post=7091"},{"taxonomy":"post_tag","embeddable":true,"href":"https:\/\/www.voilco-aster.fr\/blog-sejours-vacances\/wp-json\/wp\/v2\/tags?post=7091"}],"curies":[{"name":"wp","href":"https:\/\/api.w.org\/{rel}","templated":true}]}}