{"id":7132,"date":"2021-08-04T19:37:14","date_gmt":"2021-08-04T18:37:14","guid":{"rendered":"https:\/\/www.voilco-aster.fr\/blog-sejours-vacances\/?p=7132"},"modified":"2021-08-04T19:37:14","modified_gmt":"2021-08-04T18:37:14","slug":"larrivee-de-nouveaux-copains","status":"publish","type":"post","link":"https:\/\/www.voilco-aster.fr\/blog-sejours-vacances\/2021\/08\/04\/larrivee-de-nouveaux-copains\/","title":{"rendered":"L&rsquo;arriv\u00e9e de nouveaux copains"},"content":{"rendered":"\n<p>Ch\u00e8res familles,<\/p>\n\n\n\n<p>Aujourd&rsquo;hui, premi\u00e8re vraie journ\u00e9e avec les nouveaux copains arriv\u00e9s du bus hier en fin d&rsquo;apr\u00e8s midi. <\/p>\n\n\n\n<p>Au programme : atelier cuisine, ballon prisonnier et diff\u00e9rents jeux collectifs. <\/p>\n\n\n\n<p>Le groupe vit bien et nous esp\u00e9rons avoir vite du beau temps.<\/p>\n\n\n\n<p>Florent et L\u00e9onie les cuisiniers nous r\u00e9galent de bonnes recettes, avec pour aide les enfants bien s\u00fbr ! <\/p>\n\n\n\n<p>A demain !<\/p>\n\n\n\n<figure class=\"wp-block-image size-large\"><img loading=\"lazy\" decoding=\"async\" width=\"600\" height=\"800\" src=\"https:\/\/www.voilco-aster.fr\/blog-sejours-vacances\/files\/2021\/08\/20210802_160204-1-600x800.jpg\" alt=\"\" class=\"wp-image-7133\" srcset=\"https:\/\/www.voilco-aster.fr\/blog-sejours-vacances\/files\/2021\/08\/20210802_160204-1-600x800.jpg 600w, https:\/\/www.voilco-aster.fr\/blog-sejours-vacances\/files\/2021\/08\/20210802_160204-1-225x300.jpg 225w, https:\/\/www.voilco-aster.fr\/blog-sejours-vacances\/files\/2021\/08\/20210802_160204-1-768x1024.jpg 768w, https:\/\/www.voilco-aster.fr\/blog-sejours-vacances\/files\/2021\/08\/20210802_160204-1-1152x1536.jpg 1152w, https:\/\/www.voilco-aster.fr\/blog-sejours-vacances\/files\/2021\/08\/20210802_160204-1-1536x2048.jpg 1536w, https:\/\/www.voilco-aster.fr\/blog-sejours-vacances\/files\/2021\/08\/20210802_160204-1-scaled.jpg 1920w\" sizes=\"auto, (max-width: 600px) 100vw, 600px\" \/><\/figure>\n\n\n\n<figure class=\"wp-block-image size-large\"><img loading=\"lazy\" decoding=\"async\" width=\"600\" height=\"800\" src=\"https:\/\/www.voilco-aster.fr\/blog-sejours-vacances\/files\/2021\/08\/WhatsApp-Image-2021-08-02-at-21.41.02-600x800.jpeg\" alt=\"\" class=\"wp-image-7134\" srcset=\"https:\/\/www.voilco-aster.fr\/blog-sejours-vacances\/files\/2021\/08\/WhatsApp-Image-2021-08-02-at-21.41.02-600x800.jpeg 600w, https:\/\/www.voilco-aster.fr\/blog-sejours-vacances\/files\/2021\/08\/WhatsApp-Image-2021-08-02-at-21.41.02-225x300.jpeg 225w, https:\/\/www.voilco-aster.fr\/blog-sejours-vacances\/files\/2021\/08\/WhatsApp-Image-2021-08-02-at-21.41.02-768x1024.jpeg 768w, https:\/\/www.voilco-aster.fr\/blog-sejours-vacances\/files\/2021\/08\/WhatsApp-Image-2021-08-02-at-21.41.02-1152x1536.jpeg 1152w, https:\/\/www.voilco-aster.fr\/blog-sejours-vacances\/files\/2021\/08\/WhatsApp-Image-2021-08-02-at-21.41.02.jpeg 1200w\" sizes=\"auto, (max-width: 600px) 100vw, 600px\" \/><\/figure>\n\n\n\n<figure class=\"wp-block-image size-large\"><img loading=\"lazy\" decoding=\"async\" width=\"800\" height=\"600\" src=\"https:\/\/www.voilco-aster.fr\/blog-sejours-vacances\/files\/2021\/08\/WhatsApp-Image-2021-08-02-at-21.24.09-800x600.jpeg\" alt=\"\" class=\"wp-image-7135\" srcset=\"https:\/\/www.voilco-aster.fr\/blog-sejours-vacances\/files\/2021\/08\/WhatsApp-Image-2021-08-02-at-21.24.09-800x600.jpeg 800w, https:\/\/www.voilco-aster.fr\/blog-sejours-vacances\/files\/2021\/08\/WhatsApp-Image-2021-08-02-at-21.24.09-300x225.jpeg 300w, https:\/\/www.voilco-aster.fr\/blog-sejours-vacances\/files\/2021\/08\/WhatsApp-Image-2021-08-02-at-21.24.09-768x576.jpeg 768w, https:\/\/www.voilco-aster.fr\/blog-sejours-vacances\/files\/2021\/08\/WhatsApp-Image-2021-08-02-at-21.24.09-1536x1152.jpeg 1536w, https:\/\/www.voilco-aster.fr\/blog-sejours-vacances\/files\/2021\/08\/WhatsApp-Image-2021-08-02-at-21.24.09.jpeg 1600w\" sizes=\"auto, (max-width: 800px) 100vw, 800px\" \/><\/figure>\n","protected":false},"excerpt":{"rendered":"<p>Ch\u00e8res familles, Aujourd&rsquo;hui, premi\u00e8re vraie journ\u00e9e avec les nouveaux copains arriv\u00e9s du bus hier en fin d&rsquo;apr\u00e8s midi. Au programme : atelier cuisine, ballon prisonnier et diff\u00e9rents jeux collectifs. Le groupe vit bien et nous esp\u00e9rons avoir vite du beau temps. Florent et L\u00e9onie les cuisiniers nous r\u00e9galent de bonnes recettes, avec pour aide les &hellip; <a href=\"https:\/\/www.voilco-aster.fr\/blog-sejours-vacances\/2021\/08\/04\/larrivee-de-nouveaux-copains\/\" class=\"more-link\">Continuer la lecture de <span class=\"screen-reader-text\">L&rsquo;arriv\u00e9e de nouveaux copains<\/span><\/a><\/p>\n","protected":false},"author":6,"featured_media":0,"comment_status":"open","ping_status":"closed","sticky":false,"template":"","format":"standard","meta":{"footnotes":""},"categories":[1],"tags":[],"class_list":["post-7132","post","type-post","status-publish","format-standard","hentry","category-sejours-ete"],"_links":{"self":[{"href":"https:\/\/www.voilco-aster.fr\/blog-sejours-vacances\/wp-json\/wp\/v2\/posts\/7132","targetHints":{"allow":["GET"]}}],"collection":[{"href":"https:\/\/www.voilco-aster.fr\/blog-sejours-vacances\/wp-json\/wp\/v2\/posts"}],"about":[{"href":"https:\/\/www.voilco-aster.fr\/blog-sejours-vacances\/wp-json\/wp\/v2\/types\/post"}],"author":[{"embeddable":true,"href":"https:\/\/www.voilco-aster.fr\/blog-sejours-vacances\/wp-json\/wp\/v2\/users\/6"}],"replies":[{"embeddable":true,"href":"https:\/\/www.voilco-aster.fr\/blog-sejours-vacances\/wp-json\/wp\/v2\/comments?post=7132"}],"version-history":[{"count":1,"href":"https:\/\/www.voilco-aster.fr\/blog-sejours-vacances\/wp-json\/wp\/v2\/posts\/7132\/revisions"}],"predecessor-version":[{"id":7136,"href":"https:\/\/www.voilco-aster.fr\/blog-sejours-vacances\/wp-json\/wp\/v2\/posts\/7132\/revisions\/7136"}],"wp:attachment":[{"href":"https:\/\/www.voilco-aster.fr\/blog-sejours-vacances\/wp-json\/wp\/v2\/media?parent=7132"}],"wp:term":[{"taxonomy":"category","embeddable":true,"href":"https:\/\/www.voilco-aster.fr\/blog-sejours-vacances\/wp-json\/wp\/v2\/categories?post=7132"},{"taxonomy":"post_tag","embeddable":true,"href":"https:\/\/www.voilco-aster.fr\/blog-sejours-vacances\/wp-json\/wp\/v2\/tags?post=7132"}],"curies":[{"name":"wp","href":"https:\/\/api.w.org\/{rel}","templated":true}]}}