{"id":7137,"date":"2021-08-05T23:40:12","date_gmt":"2021-08-05T22:40:12","guid":{"rendered":"https:\/\/www.voilco-aster.fr\/blog-sejours-vacances\/?p=7137"},"modified":"2021-08-05T23:40:12","modified_gmt":"2021-08-05T22:40:12","slug":"notre-belle-journee","status":"publish","type":"post","link":"https:\/\/www.voilco-aster.fr\/blog-sejours-vacances\/2021\/08\/05\/notre-belle-journee\/","title":{"rendered":"Notre belle journ\u00e9e"},"content":{"rendered":"\n<p>Bonjour \u00e0 tous et \u00e0 toutes ,<\/p>\n\n\n\n<p>Aujourd&rsquo;hui un groupe est parti sur une grande randonn\u00e9e avec bivouac en tente. Nous avons aussi lanc\u00e9 les projets d&rsquo;animation des enfants : un projets cr\u00e9ation de girouette, un projet cr\u00e9ation d&rsquo;une histoire, et le projet Grand soir pour la soir\u00e9e de fin de s\u00e9jour.<\/p>\n\n\n\n<p>Les enfants on pu aussi participer \u00e0 un atelier cuisine o\u00f9 ils ont fait un g\u00e2teau au yaourt, ils ont aussi  particip\u00e9 a une initiation \u00e0 la p\u00eache, un atelier danse ou encore une activit\u00e9 cano\u00e9 kayak <\/p>\n\n\n\n<p>Ils ont fini la journ\u00e9e par un jeux \u00ab\u00a0bataille d\u00e9guis\u00e9\u00a0\u00bb pour ceux qui n&rsquo;\u00e9tait pas en randonn\u00e9e bivouac.<\/p>\n\n\n\n<p>A demain !<\/p>\n\n\n\n<p><\/p>\n\n\n\n<figure class=\"wp-block-image size-large\"><img loading=\"lazy\" decoding=\"async\" width=\"800\" height=\"600\" src=\"https:\/\/www.voilco-aster.fr\/blog-sejours-vacances\/files\/2021\/08\/WhatsApp-Image-2021-08-06-at-00.07.32-1-800x600.jpeg\" alt=\"\" class=\"wp-image-7138\" srcset=\"https:\/\/www.voilco-aster.fr\/blog-sejours-vacances\/files\/2021\/08\/WhatsApp-Image-2021-08-06-at-00.07.32-1-800x600.jpeg 800w, https:\/\/www.voilco-aster.fr\/blog-sejours-vacances\/files\/2021\/08\/WhatsApp-Image-2021-08-06-at-00.07.32-1-300x225.jpeg 300w, https:\/\/www.voilco-aster.fr\/blog-sejours-vacances\/files\/2021\/08\/WhatsApp-Image-2021-08-06-at-00.07.32-1-768x576.jpeg 768w, https:\/\/www.voilco-aster.fr\/blog-sejours-vacances\/files\/2021\/08\/WhatsApp-Image-2021-08-06-at-00.07.32-1-1536x1152.jpeg 1536w, https:\/\/www.voilco-aster.fr\/blog-sejours-vacances\/files\/2021\/08\/WhatsApp-Image-2021-08-06-at-00.07.32-1.jpeg 1600w\" sizes=\"auto, (max-width: 800px) 100vw, 800px\" \/><\/figure>\n\n\n\n<figure class=\"wp-block-image size-large\"><img loading=\"lazy\" decoding=\"async\" width=\"800\" height=\"600\" src=\"https:\/\/www.voilco-aster.fr\/blog-sejours-vacances\/files\/2021\/08\/WhatsApp-Image-2021-08-06-at-00.07.32-2-800x600.jpeg\" alt=\"\" class=\"wp-image-7139\" srcset=\"https:\/\/www.voilco-aster.fr\/blog-sejours-vacances\/files\/2021\/08\/WhatsApp-Image-2021-08-06-at-00.07.32-2-800x600.jpeg 800w, https:\/\/www.voilco-aster.fr\/blog-sejours-vacances\/files\/2021\/08\/WhatsApp-Image-2021-08-06-at-00.07.32-2-300x225.jpeg 300w, https:\/\/www.voilco-aster.fr\/blog-sejours-vacances\/files\/2021\/08\/WhatsApp-Image-2021-08-06-at-00.07.32-2-768x576.jpeg 768w, https:\/\/www.voilco-aster.fr\/blog-sejours-vacances\/files\/2021\/08\/WhatsApp-Image-2021-08-06-at-00.07.32-2-1536x1152.jpeg 1536w, https:\/\/www.voilco-aster.fr\/blog-sejours-vacances\/files\/2021\/08\/WhatsApp-Image-2021-08-06-at-00.07.32-2.jpeg 1600w\" sizes=\"auto, (max-width: 800px) 100vw, 800px\" \/><\/figure>\n\n\n\n<figure class=\"wp-block-image size-large\"><img loading=\"lazy\" decoding=\"async\" width=\"800\" height=\"600\" src=\"https:\/\/www.voilco-aster.fr\/blog-sejours-vacances\/files\/2021\/08\/WhatsApp-Image-2021-08-06-at-00.07.32-3-800x600.jpeg\" alt=\"\" class=\"wp-image-7140\" srcset=\"https:\/\/www.voilco-aster.fr\/blog-sejours-vacances\/files\/2021\/08\/WhatsApp-Image-2021-08-06-at-00.07.32-3-800x600.jpeg 800w, https:\/\/www.voilco-aster.fr\/blog-sejours-vacances\/files\/2021\/08\/WhatsApp-Image-2021-08-06-at-00.07.32-3-300x225.jpeg 300w, https:\/\/www.voilco-aster.fr\/blog-sejours-vacances\/files\/2021\/08\/WhatsApp-Image-2021-08-06-at-00.07.32-3-768x576.jpeg 768w, https:\/\/www.voilco-aster.fr\/blog-sejours-vacances\/files\/2021\/08\/WhatsApp-Image-2021-08-06-at-00.07.32-3-1536x1152.jpeg 1536w, https:\/\/www.voilco-aster.fr\/blog-sejours-vacances\/files\/2021\/08\/WhatsApp-Image-2021-08-06-at-00.07.32-3.jpeg 1600w\" sizes=\"auto, (max-width: 800px) 100vw, 800px\" \/><\/figure>\n\n\n\n<figure class=\"wp-block-image size-large\"><img loading=\"lazy\" decoding=\"async\" width=\"800\" height=\"600\" src=\"https:\/\/www.voilco-aster.fr\/blog-sejours-vacances\/files\/2021\/08\/WhatsApp-Image-2021-08-06-at-00.07.32-800x600.jpeg\" alt=\"\" class=\"wp-image-7141\" srcset=\"https:\/\/www.voilco-aster.fr\/blog-sejours-vacances\/files\/2021\/08\/WhatsApp-Image-2021-08-06-at-00.07.32-800x600.jpeg 800w, https:\/\/www.voilco-aster.fr\/blog-sejours-vacances\/files\/2021\/08\/WhatsApp-Image-2021-08-06-at-00.07.32-300x225.jpeg 300w, https:\/\/www.voilco-aster.fr\/blog-sejours-vacances\/files\/2021\/08\/WhatsApp-Image-2021-08-06-at-00.07.32-768x576.jpeg 768w, https:\/\/www.voilco-aster.fr\/blog-sejours-vacances\/files\/2021\/08\/WhatsApp-Image-2021-08-06-at-00.07.32-1536x1152.jpeg 1536w, https:\/\/www.voilco-aster.fr\/blog-sejours-vacances\/files\/2021\/08\/WhatsApp-Image-2021-08-06-at-00.07.32.jpeg 1600w\" sizes=\"auto, (max-width: 800px) 100vw, 800px\" \/><\/figure>\n","protected":false},"excerpt":{"rendered":"<p>Bonjour \u00e0 tous et \u00e0 toutes , Aujourd&rsquo;hui un groupe est parti sur une grande randonn\u00e9e avec bivouac en tente. Nous avons aussi lanc\u00e9 les projets d&rsquo;animation des enfants : un projets cr\u00e9ation de girouette, un projet cr\u00e9ation d&rsquo;une histoire, et le projet Grand soir pour la soir\u00e9e de fin de s\u00e9jour. Les enfants on &hellip; <a href=\"https:\/\/www.voilco-aster.fr\/blog-sejours-vacances\/2021\/08\/05\/notre-belle-journee\/\" class=\"more-link\">Continuer la lecture de <span class=\"screen-reader-text\">Notre belle journ\u00e9e<\/span><\/a><\/p>\n","protected":false},"author":6,"featured_media":0,"comment_status":"open","ping_status":"closed","sticky":false,"template":"","format":"standard","meta":{"footnotes":""},"categories":[1],"tags":[],"class_list":["post-7137","post","type-post","status-publish","format-standard","hentry","category-sejours-ete"],"_links":{"self":[{"href":"https:\/\/www.voilco-aster.fr\/blog-sejours-vacances\/wp-json\/wp\/v2\/posts\/7137","targetHints":{"allow":["GET"]}}],"collection":[{"href":"https:\/\/www.voilco-aster.fr\/blog-sejours-vacances\/wp-json\/wp\/v2\/posts"}],"about":[{"href":"https:\/\/www.voilco-aster.fr\/blog-sejours-vacances\/wp-json\/wp\/v2\/types\/post"}],"author":[{"embeddable":true,"href":"https:\/\/www.voilco-aster.fr\/blog-sejours-vacances\/wp-json\/wp\/v2\/users\/6"}],"replies":[{"embeddable":true,"href":"https:\/\/www.voilco-aster.fr\/blog-sejours-vacances\/wp-json\/wp\/v2\/comments?post=7137"}],"version-history":[{"count":1,"href":"https:\/\/www.voilco-aster.fr\/blog-sejours-vacances\/wp-json\/wp\/v2\/posts\/7137\/revisions"}],"predecessor-version":[{"id":7142,"href":"https:\/\/www.voilco-aster.fr\/blog-sejours-vacances\/wp-json\/wp\/v2\/posts\/7137\/revisions\/7142"}],"wp:attachment":[{"href":"https:\/\/www.voilco-aster.fr\/blog-sejours-vacances\/wp-json\/wp\/v2\/media?parent=7137"}],"wp:term":[{"taxonomy":"category","embeddable":true,"href":"https:\/\/www.voilco-aster.fr\/blog-sejours-vacances\/wp-json\/wp\/v2\/categories?post=7137"},{"taxonomy":"post_tag","embeddable":true,"href":"https:\/\/www.voilco-aster.fr\/blog-sejours-vacances\/wp-json\/wp\/v2\/tags?post=7137"}],"curies":[{"name":"wp","href":"https:\/\/api.w.org\/{rel}","templated":true}]}}