{"id":7145,"date":"2021-08-06T20:53:09","date_gmt":"2021-08-06T19:53:09","guid":{"rendered":"https:\/\/www.voilco-aster.fr\/blog-sejours-vacances\/?p=7145"},"modified":"2021-08-06T20:53:09","modified_gmt":"2021-08-06T19:53:09","slug":"du-nouveau-sur-viam","status":"publish","type":"post","link":"https:\/\/www.voilco-aster.fr\/blog-sejours-vacances\/2021\/08\/06\/du-nouveau-sur-viam\/","title":{"rendered":"Du nouveau sur Viam"},"content":{"rendered":"\n<p>Bonjour \u00e0 tous, <\/p>\n\n\n\n<p class=\"has-text-align-left\">Aujourd&rsquo;hui les enfants ont pu profiter d&rsquo;un large choix d&rsquo;activit\u00e9s, en effet ce matin les enfants ont particip\u00e9 \u00e0 une s\u00e9ance d&rsquo;accro sport, un atelier scientifique tandis qu&rsquo;un groupe a pr\u00e9par\u00e9 la soir\u00e9e \u00e0 th\u00e8me de demain. Cet apr\u00e8s-midi les enfants ont profit\u00e9 d&rsquo;un rayon de soleil pour pouvoir faire du cano\u00eb kayak , de la cuisine et un match de foot.  Ce soir au programme : une veill\u00e9 th\u00e9\u00e2tre autour du conte de blanche neige et les sept nains , zapping et balade nocturne.<\/p>\n\n\n\n\n\n<p>Nous ne sommes pas tout \u00e0 fait au complet, car un groupe de 12 enfants est parti pour une randonn\u00e9e \u00e0 Saint-Hilaire-Les-Courbes, nous les attendons avec impatience pour la soir\u00e9e de demain.   <\/p>\n\n\n","protected":false},"excerpt":{"rendered":"<p>Bonjour \u00e0 tous, Aujourd&rsquo;hui les enfants ont pu profiter d&rsquo;un large choix d&rsquo;activit\u00e9s, en effet ce matin les enfants ont particip\u00e9 \u00e0 une s\u00e9ance d&rsquo;accro sport, un atelier scientifique tandis qu&rsquo;un groupe a pr\u00e9par\u00e9 la soir\u00e9e \u00e0 th\u00e8me de demain. Cet apr\u00e8s-midi les enfants ont profit\u00e9 d&rsquo;un rayon de soleil pour pouvoir faire du cano\u00eb &hellip; <a href=\"https:\/\/www.voilco-aster.fr\/blog-sejours-vacances\/2021\/08\/06\/du-nouveau-sur-viam\/\" class=\"more-link\">Continuer la lecture de <span class=\"screen-reader-text\">Du nouveau sur Viam<\/span><\/a><\/p>\n","protected":false},"author":1,"featured_media":0,"comment_status":"open","ping_status":"closed","sticky":false,"template":"","format":"standard","meta":{"footnotes":""},"categories":[6],"tags":[],"class_list":["post-7145","post","type-post","status-publish","format-standard","hentry","category-sejours-11-14-ans"],"_links":{"self":[{"href":"https:\/\/www.voilco-aster.fr\/blog-sejours-vacances\/wp-json\/wp\/v2\/posts\/7145","targetHints":{"allow":["GET"]}}],"collection":[{"href":"https:\/\/www.voilco-aster.fr\/blog-sejours-vacances\/wp-json\/wp\/v2\/posts"}],"about":[{"href":"https:\/\/www.voilco-aster.fr\/blog-sejours-vacances\/wp-json\/wp\/v2\/types\/post"}],"author":[{"embeddable":true,"href":"https:\/\/www.voilco-aster.fr\/blog-sejours-vacances\/wp-json\/wp\/v2\/users\/1"}],"replies":[{"embeddable":true,"href":"https:\/\/www.voilco-aster.fr\/blog-sejours-vacances\/wp-json\/wp\/v2\/comments?post=7145"}],"version-history":[{"count":1,"href":"https:\/\/www.voilco-aster.fr\/blog-sejours-vacances\/wp-json\/wp\/v2\/posts\/7145\/revisions"}],"predecessor-version":[{"id":7146,"href":"https:\/\/www.voilco-aster.fr\/blog-sejours-vacances\/wp-json\/wp\/v2\/posts\/7145\/revisions\/7146"}],"wp:attachment":[{"href":"https:\/\/www.voilco-aster.fr\/blog-sejours-vacances\/wp-json\/wp\/v2\/media?parent=7145"}],"wp:term":[{"taxonomy":"category","embeddable":true,"href":"https:\/\/www.voilco-aster.fr\/blog-sejours-vacances\/wp-json\/wp\/v2\/categories?post=7145"},{"taxonomy":"post_tag","embeddable":true,"href":"https:\/\/www.voilco-aster.fr\/blog-sejours-vacances\/wp-json\/wp\/v2\/tags?post=7145"}],"curies":[{"name":"wp","href":"https:\/\/api.w.org\/{rel}","templated":true}]}}