{"id":7160,"date":"2021-08-10T21:00:23","date_gmt":"2021-08-10T20:00:23","guid":{"rendered":"https:\/\/www.voilco-aster.fr\/blog-sejours-vacances\/?p=7160"},"modified":"2021-08-10T21:00:23","modified_gmt":"2021-08-10T20:00:23","slug":"une-journee-ensoleillee","status":"publish","type":"post","link":"https:\/\/www.voilco-aster.fr\/blog-sejours-vacances\/2021\/08\/10\/une-journee-ensoleillee\/","title":{"rendered":"Une journ\u00e9e ensoleill\u00e9e!"},"content":{"rendered":"\n<p>Bonjour \u00e0 tous, apr\u00e8s un d\u00e9but de journ\u00e9e froid, le soleil est venu nous r\u00e9chauffer toute la journ\u00e9e!<\/p>\n\n\n\n<p>Ce matin quatre projets ont commenc\u00e9 \u00e0 voir le jour : <\/p>\n\n\n\n<ul class=\"wp-block-list\"><li>Une pr\u00e9pa rando de 3 jours pour un d\u00e9part demain<\/li><li>Une enqu\u00eate polici\u00e8re<\/li><li>Un court m\u00e9trage<\/li><li>Un rallye sport<\/li><\/ul>\n\n\n\n<p>Les enfants s&rsquo;y sont inscrits en fonction de leur pr\u00e9f\u00e9rence.<\/p>\n\n\n\n<p>Cette apr\u00e8s midi, un groupe est parti en cano\u00eb kayak et voile, un groupe est rest\u00e9 en ultimate. Certains enfants ont pr\u00e9f\u00e9r\u00e9 \u00e9crire des lettres ou jouer au ping-pong.<\/p>\n\n\n\n<p>Ce soir une grille magique, une maison de fou, et la fin de la pr\u00e9pa rando sont propos\u00e9s aux enfants.<\/p>\n\n\n\n<p>Nous sommes tous tr\u00e8s heureux de voir l&rsquo;apparition du soleil et le d\u00e9but de la chaleur, pourvu que \u00e7a dure!<\/p>\n\n\n\n<p>Tr\u00e8s belle soir\u00e9e \u00e0 vous et \u00e0 la prochaine!<\/p>\n\n\n\n<figure class=\"wp-block-image size-large\"><img loading=\"lazy\" decoding=\"async\" width=\"800\" height=\"600\" src=\"https:\/\/www.voilco-aster.fr\/blog-sejours-vacances\/files\/2021\/08\/DSCN0389-800x600.jpg\" alt=\"\" class=\"wp-image-7161\" srcset=\"https:\/\/www.voilco-aster.fr\/blog-sejours-vacances\/files\/2021\/08\/DSCN0389-800x600.jpg 800w, https:\/\/www.voilco-aster.fr\/blog-sejours-vacances\/files\/2021\/08\/DSCN0389-300x225.jpg 300w, https:\/\/www.voilco-aster.fr\/blog-sejours-vacances\/files\/2021\/08\/DSCN0389-768x576.jpg 768w, https:\/\/www.voilco-aster.fr\/blog-sejours-vacances\/files\/2021\/08\/DSCN0389-1536x1152.jpg 1536w, https:\/\/www.voilco-aster.fr\/blog-sejours-vacances\/files\/2021\/08\/DSCN0389-2048x1536.jpg 2048w\" sizes=\"auto, (max-width: 800px) 100vw, 800px\" \/><\/figure>\n\n\n\n<figure class=\"wp-block-image size-large\"><img loading=\"lazy\" decoding=\"async\" width=\"800\" height=\"600\" src=\"https:\/\/www.voilco-aster.fr\/blog-sejours-vacances\/files\/2021\/08\/DSCN0390-800x600.jpg\" alt=\"\" class=\"wp-image-7162\" srcset=\"https:\/\/www.voilco-aster.fr\/blog-sejours-vacances\/files\/2021\/08\/DSCN0390-800x600.jpg 800w, https:\/\/www.voilco-aster.fr\/blog-sejours-vacances\/files\/2021\/08\/DSCN0390-300x225.jpg 300w, https:\/\/www.voilco-aster.fr\/blog-sejours-vacances\/files\/2021\/08\/DSCN0390-768x576.jpg 768w, https:\/\/www.voilco-aster.fr\/blog-sejours-vacances\/files\/2021\/08\/DSCN0390-1536x1152.jpg 1536w, https:\/\/www.voilco-aster.fr\/blog-sejours-vacances\/files\/2021\/08\/DSCN0390-2048x1536.jpg 2048w\" sizes=\"auto, (max-width: 800px) 100vw, 800px\" \/><\/figure>\n\n\n\n<figure class=\"wp-block-image size-large\"><img loading=\"lazy\" decoding=\"async\" width=\"800\" height=\"600\" src=\"https:\/\/www.voilco-aster.fr\/blog-sejours-vacances\/files\/2021\/08\/DSCN0394-800x600.jpg\" alt=\"\" class=\"wp-image-7163\" srcset=\"https:\/\/www.voilco-aster.fr\/blog-sejours-vacances\/files\/2021\/08\/DSCN0394-800x600.jpg 800w, https:\/\/www.voilco-aster.fr\/blog-sejours-vacances\/files\/2021\/08\/DSCN0394-300x225.jpg 300w, https:\/\/www.voilco-aster.fr\/blog-sejours-vacances\/files\/2021\/08\/DSCN0394-768x576.jpg 768w, https:\/\/www.voilco-aster.fr\/blog-sejours-vacances\/files\/2021\/08\/DSCN0394-1536x1152.jpg 1536w, https:\/\/www.voilco-aster.fr\/blog-sejours-vacances\/files\/2021\/08\/DSCN0394-2048x1536.jpg 2048w\" sizes=\"auto, (max-width: 800px) 100vw, 800px\" \/><\/figure>\n\n\n\n\n","protected":false},"excerpt":{"rendered":"<p>Bonjour \u00e0 tous, apr\u00e8s un d\u00e9but de journ\u00e9e froid, le soleil est venu nous r\u00e9chauffer toute la journ\u00e9e! Ce matin quatre projets ont commenc\u00e9 \u00e0 voir le jour : Une pr\u00e9pa rando de 3 jours pour un d\u00e9part demain Une enqu\u00eate polici\u00e8re Un court m\u00e9trage Un rallye sport Les enfants s&rsquo;y sont inscrits en fonction &hellip; <a href=\"https:\/\/www.voilco-aster.fr\/blog-sejours-vacances\/2021\/08\/10\/une-journee-ensoleillee\/\" class=\"more-link\">Continuer la lecture de <span class=\"screen-reader-text\">Une journ\u00e9e ensoleill\u00e9e!<\/span><\/a><\/p>\n","protected":false},"author":1,"featured_media":0,"comment_status":"open","ping_status":"closed","sticky":false,"template":"","format":"standard","meta":{"footnotes":""},"categories":[6],"tags":[],"class_list":["post-7160","post","type-post","status-publish","format-standard","hentry","category-sejours-11-14-ans"],"_links":{"self":[{"href":"https:\/\/www.voilco-aster.fr\/blog-sejours-vacances\/wp-json\/wp\/v2\/posts\/7160","targetHints":{"allow":["GET"]}}],"collection":[{"href":"https:\/\/www.voilco-aster.fr\/blog-sejours-vacances\/wp-json\/wp\/v2\/posts"}],"about":[{"href":"https:\/\/www.voilco-aster.fr\/blog-sejours-vacances\/wp-json\/wp\/v2\/types\/post"}],"author":[{"embeddable":true,"href":"https:\/\/www.voilco-aster.fr\/blog-sejours-vacances\/wp-json\/wp\/v2\/users\/1"}],"replies":[{"embeddable":true,"href":"https:\/\/www.voilco-aster.fr\/blog-sejours-vacances\/wp-json\/wp\/v2\/comments?post=7160"}],"version-history":[{"count":1,"href":"https:\/\/www.voilco-aster.fr\/blog-sejours-vacances\/wp-json\/wp\/v2\/posts\/7160\/revisions"}],"predecessor-version":[{"id":7164,"href":"https:\/\/www.voilco-aster.fr\/blog-sejours-vacances\/wp-json\/wp\/v2\/posts\/7160\/revisions\/7164"}],"wp:attachment":[{"href":"https:\/\/www.voilco-aster.fr\/blog-sejours-vacances\/wp-json\/wp\/v2\/media?parent=7160"}],"wp:term":[{"taxonomy":"category","embeddable":true,"href":"https:\/\/www.voilco-aster.fr\/blog-sejours-vacances\/wp-json\/wp\/v2\/categories?post=7160"},{"taxonomy":"post_tag","embeddable":true,"href":"https:\/\/www.voilco-aster.fr\/blog-sejours-vacances\/wp-json\/wp\/v2\/tags?post=7160"}],"curies":[{"name":"wp","href":"https:\/\/api.w.org\/{rel}","templated":true}]}}