{"id":7172,"date":"2021-08-11T13:58:02","date_gmt":"2021-08-11T12:58:02","guid":{"rendered":"https:\/\/www.voilco-aster.fr\/blog-sejours-vacances\/?p=7172"},"modified":"2021-08-11T15:46:21","modified_gmt":"2021-08-11T14:46:21","slug":"du-canoe-sous-le-soleil","status":"publish","type":"post","link":"https:\/\/www.voilco-aster.fr\/blog-sejours-vacances\/2021\/08\/11\/du-canoe-sous-le-soleil\/","title":{"rendered":"Du cano\u00eb sous le soleil !"},"content":{"rendered":"\n<p>\u00c0 Viam, le soleil est maintenant bien install\u00e9 et les activit\u00e9s nautiques sont plus fr\u00e9quentes. Quelques photos du cano\u00eb de ce matin\u2026<\/p>\n\n\n\n<figure class=\"wp-block-image size-large\"><img loading=\"lazy\" decoding=\"async\" width=\"1600\" height=\"1200\" src=\"https:\/\/www.voilco-aster.fr\/blog-sejours-vacances\/files\/2021\/08\/479abad9-cc79-485c-bfac-5911fddbbb90-1.jpg\" alt=\"\" class=\"wp-image-7168\" srcset=\"https:\/\/www.voilco-aster.fr\/blog-sejours-vacances\/files\/2021\/08\/479abad9-cc79-485c-bfac-5911fddbbb90-1.jpg 1600w, https:\/\/www.voilco-aster.fr\/blog-sejours-vacances\/files\/2021\/08\/479abad9-cc79-485c-bfac-5911fddbbb90-1-300x225.jpg 300w, https:\/\/www.voilco-aster.fr\/blog-sejours-vacances\/files\/2021\/08\/479abad9-cc79-485c-bfac-5911fddbbb90-1-800x600.jpg 800w, https:\/\/www.voilco-aster.fr\/blog-sejours-vacances\/files\/2021\/08\/479abad9-cc79-485c-bfac-5911fddbbb90-1-768x576.jpg 768w, https:\/\/www.voilco-aster.fr\/blog-sejours-vacances\/files\/2021\/08\/479abad9-cc79-485c-bfac-5911fddbbb90-1-1536x1152.jpg 1536w\" sizes=\"auto, (max-width: 1600px) 100vw, 1600px\" \/><\/figure>\n\n\n\n<figure class=\"wp-block-image size-large\"><img loading=\"lazy\" decoding=\"async\" width=\"1600\" height=\"1200\" src=\"https:\/\/www.voilco-aster.fr\/blog-sejours-vacances\/files\/2021\/08\/93e95d21-5d8d-4759-b89a-bd594080c4a5-1-1.jpg\" alt=\"\" class=\"wp-image-7175\" srcset=\"https:\/\/www.voilco-aster.fr\/blog-sejours-vacances\/files\/2021\/08\/93e95d21-5d8d-4759-b89a-bd594080c4a5-1-1.jpg 1600w, https:\/\/www.voilco-aster.fr\/blog-sejours-vacances\/files\/2021\/08\/93e95d21-5d8d-4759-b89a-bd594080c4a5-1-1-300x225.jpg 300w, https:\/\/www.voilco-aster.fr\/blog-sejours-vacances\/files\/2021\/08\/93e95d21-5d8d-4759-b89a-bd594080c4a5-1-1-800x600.jpg 800w, https:\/\/www.voilco-aster.fr\/blog-sejours-vacances\/files\/2021\/08\/93e95d21-5d8d-4759-b89a-bd594080c4a5-1-1-768x576.jpg 768w, https:\/\/www.voilco-aster.fr\/blog-sejours-vacances\/files\/2021\/08\/93e95d21-5d8d-4759-b89a-bd594080c4a5-1-1-1536x1152.jpg 1536w\" sizes=\"auto, (max-width: 1600px) 100vw, 1600px\" \/><\/figure>\n\n\n\n<figure class=\"wp-block-image size-large\"><img loading=\"lazy\" decoding=\"async\" width=\"1600\" height=\"1200\" src=\"https:\/\/www.voilco-aster.fr\/blog-sejours-vacances\/files\/2021\/08\/5da96110-f1ba-453a-90b7-683bb11064a3-1.jpg\" alt=\"\" class=\"wp-image-7169\" srcset=\"https:\/\/www.voilco-aster.fr\/blog-sejours-vacances\/files\/2021\/08\/5da96110-f1ba-453a-90b7-683bb11064a3-1.jpg 1600w, https:\/\/www.voilco-aster.fr\/blog-sejours-vacances\/files\/2021\/08\/5da96110-f1ba-453a-90b7-683bb11064a3-1-300x225.jpg 300w, https:\/\/www.voilco-aster.fr\/blog-sejours-vacances\/files\/2021\/08\/5da96110-f1ba-453a-90b7-683bb11064a3-1-800x600.jpg 800w, https:\/\/www.voilco-aster.fr\/blog-sejours-vacances\/files\/2021\/08\/5da96110-f1ba-453a-90b7-683bb11064a3-1-768x576.jpg 768w, https:\/\/www.voilco-aster.fr\/blog-sejours-vacances\/files\/2021\/08\/5da96110-f1ba-453a-90b7-683bb11064a3-1-1536x1152.jpg 1536w\" sizes=\"auto, (max-width: 1600px) 100vw, 1600px\" \/><\/figure>\n\n\n\n<figure class=\"wp-block-image size-large\"><img loading=\"lazy\" decoding=\"async\" width=\"1600\" height=\"1200\" src=\"https:\/\/www.voilco-aster.fr\/blog-sejours-vacances\/files\/2021\/08\/916a60a8-57da-4c4f-a6bc-aa0c9ea274fa.jpg\" alt=\"\" class=\"wp-image-7174\" srcset=\"https:\/\/www.voilco-aster.fr\/blog-sejours-vacances\/files\/2021\/08\/916a60a8-57da-4c4f-a6bc-aa0c9ea274fa.jpg 1600w, https:\/\/www.voilco-aster.fr\/blog-sejours-vacances\/files\/2021\/08\/916a60a8-57da-4c4f-a6bc-aa0c9ea274fa-300x225.jpg 300w, https:\/\/www.voilco-aster.fr\/blog-sejours-vacances\/files\/2021\/08\/916a60a8-57da-4c4f-a6bc-aa0c9ea274fa-800x600.jpg 800w, https:\/\/www.voilco-aster.fr\/blog-sejours-vacances\/files\/2021\/08\/916a60a8-57da-4c4f-a6bc-aa0c9ea274fa-768x576.jpg 768w, https:\/\/www.voilco-aster.fr\/blog-sejours-vacances\/files\/2021\/08\/916a60a8-57da-4c4f-a6bc-aa0c9ea274fa-1536x1152.jpg 1536w\" sizes=\"auto, (max-width: 1600px) 100vw, 1600px\" \/><\/figure>\n","protected":false},"excerpt":{"rendered":"<p>\u00c0 Viam, le soleil est maintenant bien install\u00e9 et les activit\u00e9s nautiques sont plus fr\u00e9quentes. Quelques photos du cano\u00eb de ce matin\u2026<\/p>\n","protected":false},"author":1,"featured_media":0,"comment_status":"open","ping_status":"closed","sticky":false,"template":"","format":"standard","meta":{"footnotes":""},"categories":[6],"tags":[],"class_list":["post-7172","post","type-post","status-publish","format-standard","hentry","category-sejours-11-14-ans"],"_links":{"self":[{"href":"https:\/\/www.voilco-aster.fr\/blog-sejours-vacances\/wp-json\/wp\/v2\/posts\/7172","targetHints":{"allow":["GET"]}}],"collection":[{"href":"https:\/\/www.voilco-aster.fr\/blog-sejours-vacances\/wp-json\/wp\/v2\/posts"}],"about":[{"href":"https:\/\/www.voilco-aster.fr\/blog-sejours-vacances\/wp-json\/wp\/v2\/types\/post"}],"author":[{"embeddable":true,"href":"https:\/\/www.voilco-aster.fr\/blog-sejours-vacances\/wp-json\/wp\/v2\/users\/1"}],"replies":[{"embeddable":true,"href":"https:\/\/www.voilco-aster.fr\/blog-sejours-vacances\/wp-json\/wp\/v2\/comments?post=7172"}],"version-history":[{"count":2,"href":"https:\/\/www.voilco-aster.fr\/blog-sejours-vacances\/wp-json\/wp\/v2\/posts\/7172\/revisions"}],"predecessor-version":[{"id":7183,"href":"https:\/\/www.voilco-aster.fr\/blog-sejours-vacances\/wp-json\/wp\/v2\/posts\/7172\/revisions\/7183"}],"wp:attachment":[{"href":"https:\/\/www.voilco-aster.fr\/blog-sejours-vacances\/wp-json\/wp\/v2\/media?parent=7172"}],"wp:term":[{"taxonomy":"category","embeddable":true,"href":"https:\/\/www.voilco-aster.fr\/blog-sejours-vacances\/wp-json\/wp\/v2\/categories?post=7172"},{"taxonomy":"post_tag","embeddable":true,"href":"https:\/\/www.voilco-aster.fr\/blog-sejours-vacances\/wp-json\/wp\/v2\/tags?post=7172"}],"curies":[{"name":"wp","href":"https:\/\/api.w.org\/{rel}","templated":true}]}}