{"id":7186,"date":"2021-08-11T23:20:31","date_gmt":"2021-08-11T22:20:31","guid":{"rendered":"https:\/\/www.voilco-aster.fr\/blog-sejours-vacances\/?p=7186"},"modified":"2021-08-11T23:20:31","modified_gmt":"2021-08-11T22:20:31","slug":"un-mercredi-au-soleil","status":"publish","type":"post","link":"https:\/\/www.voilco-aster.fr\/blog-sejours-vacances\/2021\/08\/11\/un-mercredi-au-soleil\/","title":{"rendered":"Un mercredi au soleil !"},"content":{"rendered":"\n<p><strong>11\/08<\/strong> Un magnifique soleil vient de dispara\u00eetre sur le centre de Voilco. Un groupe de 14 enfants \u00e9tait d\u00e9j\u00e0 en piste avec sac \u00e0 dos et sandwichs pour partir camper \u00e0 environ dix kilom\u00e8tres de Couignoux, Tandis que d&rsquo;autres ont profit\u00e9 de la plage et des sports nautiques pour se d\u00e9fouler et se rafraichir. <\/p>\n\n\n\n<p>Des enfants ont disput\u00e9 une partie endiabl\u00e9e de p\u00e9tanque \u00e0 l&rsquo;ombre des arbres. Dans le hangar situ\u00e9 au sommet du centre, un petit groupe d&rsquo;enfants a pratiqu\u00e9 une nouvelle discipline inscrite aux J-O : le skateboard. Sous protection, les enfants ont pu surfer et naviguer sur du bitume tout en esquivant les obstacles. <\/p>\n\n\n\n<p>Cette journ\u00e9e sportive et riche en \u00e9motion ne se termine pas sur ces activit\u00e9s. Une fois le soleil couch\u00e9, un grand jeu de d\u00e9fis s&rsquo;est organis\u00e9 pour finir la soir\u00e9e de bonne humeur. <\/p>\n\n\n\n<p>Un gros dodo s&rsquo;annonce pour pr\u00e9parer la journ\u00e9e de demain. <\/p>\n","protected":false},"excerpt":{"rendered":"<p>11\/08 Un magnifique soleil vient de dispara\u00eetre sur le centre de Voilco. Un groupe de 14 enfants \u00e9tait d\u00e9j\u00e0 en piste avec sac \u00e0 dos et sandwichs pour partir camper \u00e0 environ dix kilom\u00e8tres de Couignoux, Tandis que d&rsquo;autres ont profit\u00e9 de la plage et des sports nautiques pour se d\u00e9fouler et se rafraichir. Des &hellip; <a href=\"https:\/\/www.voilco-aster.fr\/blog-sejours-vacances\/2021\/08\/11\/un-mercredi-au-soleil\/\" class=\"more-link\">Continuer la lecture de <span class=\"screen-reader-text\">Un mercredi au soleil !<\/span><\/a><\/p>\n","protected":false},"author":1,"featured_media":0,"comment_status":"open","ping_status":"closed","sticky":false,"template":"","format":"standard","meta":{"footnotes":""},"categories":[1],"tags":[],"class_list":["post-7186","post","type-post","status-publish","format-standard","hentry","category-sejours-ete"],"_links":{"self":[{"href":"https:\/\/www.voilco-aster.fr\/blog-sejours-vacances\/wp-json\/wp\/v2\/posts\/7186","targetHints":{"allow":["GET"]}}],"collection":[{"href":"https:\/\/www.voilco-aster.fr\/blog-sejours-vacances\/wp-json\/wp\/v2\/posts"}],"about":[{"href":"https:\/\/www.voilco-aster.fr\/blog-sejours-vacances\/wp-json\/wp\/v2\/types\/post"}],"author":[{"embeddable":true,"href":"https:\/\/www.voilco-aster.fr\/blog-sejours-vacances\/wp-json\/wp\/v2\/users\/1"}],"replies":[{"embeddable":true,"href":"https:\/\/www.voilco-aster.fr\/blog-sejours-vacances\/wp-json\/wp\/v2\/comments?post=7186"}],"version-history":[{"count":1,"href":"https:\/\/www.voilco-aster.fr\/blog-sejours-vacances\/wp-json\/wp\/v2\/posts\/7186\/revisions"}],"predecessor-version":[{"id":7189,"href":"https:\/\/www.voilco-aster.fr\/blog-sejours-vacances\/wp-json\/wp\/v2\/posts\/7186\/revisions\/7189"}],"wp:attachment":[{"href":"https:\/\/www.voilco-aster.fr\/blog-sejours-vacances\/wp-json\/wp\/v2\/media?parent=7186"}],"wp:term":[{"taxonomy":"category","embeddable":true,"href":"https:\/\/www.voilco-aster.fr\/blog-sejours-vacances\/wp-json\/wp\/v2\/categories?post=7186"},{"taxonomy":"post_tag","embeddable":true,"href":"https:\/\/www.voilco-aster.fr\/blog-sejours-vacances\/wp-json\/wp\/v2\/tags?post=7186"}],"curies":[{"name":"wp","href":"https:\/\/api.w.org\/{rel}","templated":true}]}}