{"id":7188,"date":"2021-08-11T23:36:50","date_gmt":"2021-08-11T22:36:50","guid":{"rendered":"https:\/\/www.voilco-aster.fr\/blog-sejours-vacances\/?p=7188"},"modified":"2021-08-11T23:36:50","modified_gmt":"2021-08-11T22:36:50","slug":"journee-du-11-08","status":"publish","type":"post","link":"https:\/\/www.voilco-aster.fr\/blog-sejours-vacances\/2021\/08\/11\/journee-du-11-08\/","title":{"rendered":"Journ\u00e9e du 11\/08"},"content":{"rendered":"\n<figure class=\"wp-block-image size-large\"><img loading=\"lazy\" decoding=\"async\" width=\"600\" height=\"800\" src=\"https:\/\/www.voilco-aster.fr\/blog-sejours-vacances\/files\/2021\/08\/B6E7DD3B-63EF-4ADB-A495-5239CB581EA9_1_105_c-600x800.jpeg\" alt=\"\" class=\"wp-image-7190\" srcset=\"https:\/\/www.voilco-aster.fr\/blog-sejours-vacances\/files\/2021\/08\/B6E7DD3B-63EF-4ADB-A495-5239CB581EA9_1_105_c-600x800.jpeg 600w, https:\/\/www.voilco-aster.fr\/blog-sejours-vacances\/files\/2021\/08\/B6E7DD3B-63EF-4ADB-A495-5239CB581EA9_1_105_c-225x300.jpeg 225w, https:\/\/www.voilco-aster.fr\/blog-sejours-vacances\/files\/2021\/08\/B6E7DD3B-63EF-4ADB-A495-5239CB581EA9_1_105_c.jpeg 768w\" sizes=\"auto, (max-width: 600px) 100vw, 600px\" \/><figcaption>Ce matin, la chambre 10 a remport\u00e9 la m\u00e9daille d\u00e9livr\u00e9e par l&rsquo;Inspecteur Poussi\u00e8re !<\/figcaption><\/figure>\n\n\n\n<figure class=\"wp-block-image size-large\"><img loading=\"lazy\" decoding=\"async\" width=\"800\" height=\"600\" src=\"https:\/\/www.voilco-aster.fr\/blog-sejours-vacances\/files\/2021\/08\/F32E8A95-F3CB-45AA-B912-2BC733EFFD00_1_105_c-1-800x600.jpeg\" alt=\"\" class=\"wp-image-7193\" srcset=\"https:\/\/www.voilco-aster.fr\/blog-sejours-vacances\/files\/2021\/08\/F32E8A95-F3CB-45AA-B912-2BC733EFFD00_1_105_c-1-800x600.jpeg 800w, https:\/\/www.voilco-aster.fr\/blog-sejours-vacances\/files\/2021\/08\/F32E8A95-F3CB-45AA-B912-2BC733EFFD00_1_105_c-1-300x225.jpeg 300w, https:\/\/www.voilco-aster.fr\/blog-sejours-vacances\/files\/2021\/08\/F32E8A95-F3CB-45AA-B912-2BC733EFFD00_1_105_c-1-768x576.jpeg 768w, https:\/\/www.voilco-aster.fr\/blog-sejours-vacances\/files\/2021\/08\/F32E8A95-F3CB-45AA-B912-2BC733EFFD00_1_105_c-1.jpeg 1024w\" sizes=\"auto, (max-width: 800px) 100vw, 800px\" \/><\/figure>\n\n\n\n<p>Photo qui illustre la bataille d&rsquo;eau qu&rsquo;on r\u00e9alis\u00e9 les enfants, apr\u00e8s une chaude apr\u00e8s-midi \u00e0 se d\u00e9penser.<\/p>\n","protected":false},"excerpt":{"rendered":"<p>Photo qui illustre la bataille d&rsquo;eau qu&rsquo;on r\u00e9alis\u00e9 les enfants, apr\u00e8s une chaude apr\u00e8s-midi \u00e0 se d\u00e9penser.<\/p>\n","protected":false},"author":6,"featured_media":0,"comment_status":"open","ping_status":"closed","sticky":false,"template":"","format":"standard","meta":{"footnotes":""},"categories":[1],"tags":[],"class_list":["post-7188","post","type-post","status-publish","format-standard","hentry","category-sejours-ete"],"_links":{"self":[{"href":"https:\/\/www.voilco-aster.fr\/blog-sejours-vacances\/wp-json\/wp\/v2\/posts\/7188","targetHints":{"allow":["GET"]}}],"collection":[{"href":"https:\/\/www.voilco-aster.fr\/blog-sejours-vacances\/wp-json\/wp\/v2\/posts"}],"about":[{"href":"https:\/\/www.voilco-aster.fr\/blog-sejours-vacances\/wp-json\/wp\/v2\/types\/post"}],"author":[{"embeddable":true,"href":"https:\/\/www.voilco-aster.fr\/blog-sejours-vacances\/wp-json\/wp\/v2\/users\/6"}],"replies":[{"embeddable":true,"href":"https:\/\/www.voilco-aster.fr\/blog-sejours-vacances\/wp-json\/wp\/v2\/comments?post=7188"}],"version-history":[{"count":1,"href":"https:\/\/www.voilco-aster.fr\/blog-sejours-vacances\/wp-json\/wp\/v2\/posts\/7188\/revisions"}],"predecessor-version":[{"id":7194,"href":"https:\/\/www.voilco-aster.fr\/blog-sejours-vacances\/wp-json\/wp\/v2\/posts\/7188\/revisions\/7194"}],"wp:attachment":[{"href":"https:\/\/www.voilco-aster.fr\/blog-sejours-vacances\/wp-json\/wp\/v2\/media?parent=7188"}],"wp:term":[{"taxonomy":"category","embeddable":true,"href":"https:\/\/www.voilco-aster.fr\/blog-sejours-vacances\/wp-json\/wp\/v2\/categories?post=7188"},{"taxonomy":"post_tag","embeddable":true,"href":"https:\/\/www.voilco-aster.fr\/blog-sejours-vacances\/wp-json\/wp\/v2\/tags?post=7188"}],"curies":[{"name":"wp","href":"https:\/\/api.w.org\/{rel}","templated":true}]}}