{"id":7195,"date":"2021-08-14T00:11:12","date_gmt":"2021-08-13T23:11:12","guid":{"rendered":"https:\/\/www.voilco-aster.fr\/blog-sejours-vacances\/?p=7195"},"modified":"2021-08-14T00:11:13","modified_gmt":"2021-08-13T23:11:13","slug":"la-super-journee-du-vendredi-13","status":"publish","type":"post","link":"https:\/\/www.voilco-aster.fr\/blog-sejours-vacances\/2021\/08\/14\/la-super-journee-du-vendredi-13\/","title":{"rendered":"La super journ\u00e9e du vendredi 13"},"content":{"rendered":"\n<p>Aujourd&rsquo;hui, les enfants ont pu tous passer une bonne journ\u00e9e!<\/p>\n\n\n\n<p>Un groupe de 34 enfants est all\u00e9 \u00e0 Seilhac pour profiter du beau temps et du lac!! \ud83d\ude42<\/p>\n\n\n\n<figure class=\"wp-block-gallery columns-3 is-cropped wp-block-gallery-1 is-layout-flex wp-block-gallery-is-layout-flex\"><ul class=\"blocks-gallery-grid\"><li class=\"blocks-gallery-item\"><figure><img loading=\"lazy\" decoding=\"async\" width=\"600\" height=\"800\" src=\"https:\/\/www.voilco-aster.fr\/blog-sejours-vacances\/files\/2021\/08\/AE09A05C-BE7B-4735-9CD1-0BA095A52032_1_105_c-1-600x800.jpeg\" alt=\"\" data-id=\"7199\" data-full-url=\"https:\/\/www.voilco-aster.fr\/blog-sejours-vacances\/files\/2021\/08\/AE09A05C-BE7B-4735-9CD1-0BA095A52032_1_105_c-1.jpeg\" data-link=\"https:\/\/www.voilco-aster.fr\/blog-sejours-vacances\/?attachment_id=7199\" class=\"wp-image-7199\" srcset=\"https:\/\/www.voilco-aster.fr\/blog-sejours-vacances\/files\/2021\/08\/AE09A05C-BE7B-4735-9CD1-0BA095A52032_1_105_c-1-600x800.jpeg 600w, https:\/\/www.voilco-aster.fr\/blog-sejours-vacances\/files\/2021\/08\/AE09A05C-BE7B-4735-9CD1-0BA095A52032_1_105_c-1-225x300.jpeg 225w, https:\/\/www.voilco-aster.fr\/blog-sejours-vacances\/files\/2021\/08\/AE09A05C-BE7B-4735-9CD1-0BA095A52032_1_105_c-1.jpeg 768w\" sizes=\"auto, (max-width: 600px) 100vw, 600px\" \/><\/figure><\/li><li class=\"blocks-gallery-item\"><figure><img loading=\"lazy\" decoding=\"async\" width=\"600\" height=\"800\" src=\"https:\/\/www.voilco-aster.fr\/blog-sejours-vacances\/files\/2021\/08\/26B97E66-3E26-4E4D-8143-B0119B460F9A_1_105_c-1-600x800.jpeg\" alt=\"\" data-id=\"7201\" data-full-url=\"https:\/\/www.voilco-aster.fr\/blog-sejours-vacances\/files\/2021\/08\/26B97E66-3E26-4E4D-8143-B0119B460F9A_1_105_c-1.jpeg\" data-link=\"https:\/\/www.voilco-aster.fr\/blog-sejours-vacances\/?attachment_id=7201\" class=\"wp-image-7201\" srcset=\"https:\/\/www.voilco-aster.fr\/blog-sejours-vacances\/files\/2021\/08\/26B97E66-3E26-4E4D-8143-B0119B460F9A_1_105_c-1-600x800.jpeg 600w, https:\/\/www.voilco-aster.fr\/blog-sejours-vacances\/files\/2021\/08\/26B97E66-3E26-4E4D-8143-B0119B460F9A_1_105_c-1-225x300.jpeg 225w, https:\/\/www.voilco-aster.fr\/blog-sejours-vacances\/files\/2021\/08\/26B97E66-3E26-4E4D-8143-B0119B460F9A_1_105_c-1.jpeg 768w\" sizes=\"auto, (max-width: 600px) 100vw, 600px\" \/><\/figure><\/li><li class=\"blocks-gallery-item\"><figure><img loading=\"lazy\" decoding=\"async\" width=\"600\" height=\"800\" src=\"https:\/\/www.voilco-aster.fr\/blog-sejours-vacances\/files\/2021\/08\/22F5B5A3-D700-407E-864E-65EB78D1243A_1_105_c-600x800.jpeg\" alt=\"\" data-id=\"7203\" data-full-url=\"https:\/\/www.voilco-aster.fr\/blog-sejours-vacances\/files\/2021\/08\/22F5B5A3-D700-407E-864E-65EB78D1243A_1_105_c.jpeg\" data-link=\"https:\/\/www.voilco-aster.fr\/blog-sejours-vacances\/?attachment_id=7203\" class=\"wp-image-7203\" srcset=\"https:\/\/www.voilco-aster.fr\/blog-sejours-vacances\/files\/2021\/08\/22F5B5A3-D700-407E-864E-65EB78D1243A_1_105_c-600x800.jpeg 600w, https:\/\/www.voilco-aster.fr\/blog-sejours-vacances\/files\/2021\/08\/22F5B5A3-D700-407E-864E-65EB78D1243A_1_105_c-225x300.jpeg 225w, https:\/\/www.voilco-aster.fr\/blog-sejours-vacances\/files\/2021\/08\/22F5B5A3-D700-407E-864E-65EB78D1243A_1_105_c.jpeg 768w\" sizes=\"auto, (max-width: 600px) 100vw, 600px\" \/><\/figure><\/li><\/ul><\/figure>\n\n\n\n<figure class=\"wp-block-gallery columns-2 is-cropped wp-block-gallery-2 is-layout-flex wp-block-gallery-is-layout-flex\"><ul class=\"blocks-gallery-grid\"><li class=\"blocks-gallery-item\"><figure><img loading=\"lazy\" decoding=\"async\" width=\"800\" height=\"600\" src=\"https:\/\/www.voilco-aster.fr\/blog-sejours-vacances\/files\/2021\/08\/D8264A35-A288-44D3-A16E-BA095D177177_1_105_c-1-800x600.jpeg\" alt=\"\" data-id=\"7204\" data-full-url=\"https:\/\/www.voilco-aster.fr\/blog-sejours-vacances\/files\/2021\/08\/D8264A35-A288-44D3-A16E-BA095D177177_1_105_c-1.jpeg\" data-link=\"https:\/\/www.voilco-aster.fr\/blog-sejours-vacances\/?attachment_id=7204\" class=\"wp-image-7204\" srcset=\"https:\/\/www.voilco-aster.fr\/blog-sejours-vacances\/files\/2021\/08\/D8264A35-A288-44D3-A16E-BA095D177177_1_105_c-1-800x600.jpeg 800w, https:\/\/www.voilco-aster.fr\/blog-sejours-vacances\/files\/2021\/08\/D8264A35-A288-44D3-A16E-BA095D177177_1_105_c-1-300x225.jpeg 300w, https:\/\/www.voilco-aster.fr\/blog-sejours-vacances\/files\/2021\/08\/D8264A35-A288-44D3-A16E-BA095D177177_1_105_c-1-768x576.jpeg 768w, https:\/\/www.voilco-aster.fr\/blog-sejours-vacances\/files\/2021\/08\/D8264A35-A288-44D3-A16E-BA095D177177_1_105_c-1.jpeg 1024w\" sizes=\"auto, (max-width: 800px) 100vw, 800px\" \/><\/figure><\/li><li class=\"blocks-gallery-item\"><figure><img loading=\"lazy\" decoding=\"async\" width=\"600\" height=\"800\" src=\"https:\/\/www.voilco-aster.fr\/blog-sejours-vacances\/files\/2021\/08\/04CC6E42-A706-48AB-85A6-107BA0771CD8_1_105_c-600x800.jpeg\" alt=\"\" data-id=\"7205\" data-full-url=\"https:\/\/www.voilco-aster.fr\/blog-sejours-vacances\/files\/2021\/08\/04CC6E42-A706-48AB-85A6-107BA0771CD8_1_105_c.jpeg\" data-link=\"https:\/\/www.voilco-aster.fr\/blog-sejours-vacances\/?attachment_id=7205\" class=\"wp-image-7205\" srcset=\"https:\/\/www.voilco-aster.fr\/blog-sejours-vacances\/files\/2021\/08\/04CC6E42-A706-48AB-85A6-107BA0771CD8_1_105_c-600x800.jpeg 600w, https:\/\/www.voilco-aster.fr\/blog-sejours-vacances\/files\/2021\/08\/04CC6E42-A706-48AB-85A6-107BA0771CD8_1_105_c-225x300.jpeg 225w, https:\/\/www.voilco-aster.fr\/blog-sejours-vacances\/files\/2021\/08\/04CC6E42-A706-48AB-85A6-107BA0771CD8_1_105_c.jpeg 768w\" sizes=\"auto, (max-width: 600px) 100vw, 600px\" \/><\/figure><\/li><\/ul><\/figure>\n\n\n\n<p><\/p>\n\n\n\n<p>Puis, le groupe rando a pu cl\u00f4turer son s\u00e9jour dans la joie et la bonne humeur!<\/p>\n\n\n\n<figure class=\"wp-block-gallery columns-3 is-cropped wp-block-gallery-3 is-layout-flex wp-block-gallery-is-layout-flex\"><ul class=\"blocks-gallery-grid\"><li class=\"blocks-gallery-item\"><figure><img loading=\"lazy\" decoding=\"async\" width=\"800\" height=\"533\" src=\"https:\/\/www.voilco-aster.fr\/blog-sejours-vacances\/files\/2021\/08\/IMG_2671-800x533.jpg\" alt=\"\" data-id=\"7206\" data-full-url=\"https:\/\/www.voilco-aster.fr\/blog-sejours-vacances\/files\/2021\/08\/IMG_2671-scaled.jpg\" data-link=\"https:\/\/www.voilco-aster.fr\/blog-sejours-vacances\/?attachment_id=7206\" class=\"wp-image-7206\" srcset=\"https:\/\/www.voilco-aster.fr\/blog-sejours-vacances\/files\/2021\/08\/IMG_2671-800x533.jpg 800w, https:\/\/www.voilco-aster.fr\/blog-sejours-vacances\/files\/2021\/08\/IMG_2671-300x200.jpg 300w, https:\/\/www.voilco-aster.fr\/blog-sejours-vacances\/files\/2021\/08\/IMG_2671-768x512.jpg 768w, https:\/\/www.voilco-aster.fr\/blog-sejours-vacances\/files\/2021\/08\/IMG_2671-1536x1024.jpg 1536w, https:\/\/www.voilco-aster.fr\/blog-sejours-vacances\/files\/2021\/08\/IMG_2671-2048x1365.jpg 2048w\" sizes=\"auto, (max-width: 800px) 100vw, 800px\" \/><\/figure><\/li><li class=\"blocks-gallery-item\"><figure><img loading=\"lazy\" decoding=\"async\" width=\"800\" height=\"533\" src=\"https:\/\/www.voilco-aster.fr\/blog-sejours-vacances\/files\/2021\/08\/IMG_2680-800x533.jpg\" alt=\"\" data-id=\"7207\" data-full-url=\"https:\/\/www.voilco-aster.fr\/blog-sejours-vacances\/files\/2021\/08\/IMG_2680-scaled.jpg\" data-link=\"https:\/\/www.voilco-aster.fr\/blog-sejours-vacances\/?attachment_id=7207\" class=\"wp-image-7207\" srcset=\"https:\/\/www.voilco-aster.fr\/blog-sejours-vacances\/files\/2021\/08\/IMG_2680-800x533.jpg 800w, https:\/\/www.voilco-aster.fr\/blog-sejours-vacances\/files\/2021\/08\/IMG_2680-300x200.jpg 300w, https:\/\/www.voilco-aster.fr\/blog-sejours-vacances\/files\/2021\/08\/IMG_2680-768x512.jpg 768w, https:\/\/www.voilco-aster.fr\/blog-sejours-vacances\/files\/2021\/08\/IMG_2680-1536x1024.jpg 1536w, https:\/\/www.voilco-aster.fr\/blog-sejours-vacances\/files\/2021\/08\/IMG_2680-2048x1365.jpg 2048w\" sizes=\"auto, (max-width: 800px) 100vw, 800px\" \/><\/figure><\/li><li class=\"blocks-gallery-item\"><figure><img loading=\"lazy\" decoding=\"async\" width=\"800\" height=\"533\" src=\"https:\/\/www.voilco-aster.fr\/blog-sejours-vacances\/files\/2021\/08\/IMG_2695-800x533.jpg\" alt=\"\" data-id=\"7208\" data-full-url=\"https:\/\/www.voilco-aster.fr\/blog-sejours-vacances\/files\/2021\/08\/IMG_2695-scaled.jpg\" data-link=\"https:\/\/www.voilco-aster.fr\/blog-sejours-vacances\/?attachment_id=7208\" class=\"wp-image-7208\" srcset=\"https:\/\/www.voilco-aster.fr\/blog-sejours-vacances\/files\/2021\/08\/IMG_2695-800x533.jpg 800w, https:\/\/www.voilco-aster.fr\/blog-sejours-vacances\/files\/2021\/08\/IMG_2695-300x200.jpg 300w, https:\/\/www.voilco-aster.fr\/blog-sejours-vacances\/files\/2021\/08\/IMG_2695-768x512.jpg 768w, https:\/\/www.voilco-aster.fr\/blog-sejours-vacances\/files\/2021\/08\/IMG_2695-1536x1024.jpg 1536w, https:\/\/www.voilco-aster.fr\/blog-sejours-vacances\/files\/2021\/08\/IMG_2695-2048x1365.jpg 2048w\" sizes=\"auto, (max-width: 800px) 100vw, 800px\" \/><\/figure><\/li><\/ul><\/figure>\n\n\n\n<p><\/p>\n\n\n\n<p>Lors de la veill\u00e9e, les enfants ont assist\u00e9 \u00e0 une veill\u00e9e f\u00eate foraine \ud83d\ude42<\/p>\n\n\n\n<figure class=\"wp-block-gallery columns-2 is-cropped wp-block-gallery-4 is-layout-flex wp-block-gallery-is-layout-flex\"><ul class=\"blocks-gallery-grid\"><li class=\"blocks-gallery-item\"><figure><img loading=\"lazy\" decoding=\"async\" width=\"600\" height=\"800\" src=\"https:\/\/www.voilco-aster.fr\/blog-sejours-vacances\/files\/2021\/08\/5C5A3BFB-A304-49E7-A88A-95122B0DDDBC_1_105_c-600x800.jpeg\" alt=\"\" data-id=\"7209\" data-full-url=\"https:\/\/www.voilco-aster.fr\/blog-sejours-vacances\/files\/2021\/08\/5C5A3BFB-A304-49E7-A88A-95122B0DDDBC_1_105_c.jpeg\" data-link=\"https:\/\/www.voilco-aster.fr\/blog-sejours-vacances\/?attachment_id=7209\" class=\"wp-image-7209\" srcset=\"https:\/\/www.voilco-aster.fr\/blog-sejours-vacances\/files\/2021\/08\/5C5A3BFB-A304-49E7-A88A-95122B0DDDBC_1_105_c-600x800.jpeg 600w, https:\/\/www.voilco-aster.fr\/blog-sejours-vacances\/files\/2021\/08\/5C5A3BFB-A304-49E7-A88A-95122B0DDDBC_1_105_c-225x300.jpeg 225w, https:\/\/www.voilco-aster.fr\/blog-sejours-vacances\/files\/2021\/08\/5C5A3BFB-A304-49E7-A88A-95122B0DDDBC_1_105_c.jpeg 768w\" sizes=\"auto, (max-width: 600px) 100vw, 600px\" \/><\/figure><\/li><li class=\"blocks-gallery-item\"><figure><img loading=\"lazy\" decoding=\"async\" width=\"600\" height=\"800\" src=\"https:\/\/www.voilco-aster.fr\/blog-sejours-vacances\/files\/2021\/08\/2703C8CE-9406-424B-94CB-7EB1C88F7F31_1_105_c-600x800.jpeg\" alt=\"\" data-id=\"7210\" data-full-url=\"https:\/\/www.voilco-aster.fr\/blog-sejours-vacances\/files\/2021\/08\/2703C8CE-9406-424B-94CB-7EB1C88F7F31_1_105_c.jpeg\" data-link=\"https:\/\/www.voilco-aster.fr\/blog-sejours-vacances\/?attachment_id=7210\" class=\"wp-image-7210\" srcset=\"https:\/\/www.voilco-aster.fr\/blog-sejours-vacances\/files\/2021\/08\/2703C8CE-9406-424B-94CB-7EB1C88F7F31_1_105_c-600x800.jpeg 600w, https:\/\/www.voilco-aster.fr\/blog-sejours-vacances\/files\/2021\/08\/2703C8CE-9406-424B-94CB-7EB1C88F7F31_1_105_c-225x300.jpeg 225w, https:\/\/www.voilco-aster.fr\/blog-sejours-vacances\/files\/2021\/08\/2703C8CE-9406-424B-94CB-7EB1C88F7F31_1_105_c.jpeg 768w\" sizes=\"auto, (max-width: 600px) 100vw, 600px\" \/><\/figure><\/li><\/ul><\/figure>\n\n\n\n<p>Une bonne journ\u00e9e de termin\u00e9 et tout le monde bien fatigu\u00e9.<\/p>\n\n\n\n<p>Vivement demain pour une nouvelle journ\u00e9e \ud83d\ude42<\/p>\n","protected":false},"excerpt":{"rendered":"<p>Aujourd&rsquo;hui, les enfants ont pu tous passer une bonne journ\u00e9e! Un groupe de 34 enfants est all\u00e9 \u00e0 Seilhac pour profiter du beau temps et du lac!! \ud83d\ude42 Puis, le groupe rando a pu cl\u00f4turer son s\u00e9jour dans la joie et la bonne humeur! Lors de la veill\u00e9e, les enfants ont assist\u00e9 \u00e0 une veill\u00e9e &hellip; <a href=\"https:\/\/www.voilco-aster.fr\/blog-sejours-vacances\/2021\/08\/14\/la-super-journee-du-vendredi-13\/\" class=\"more-link\">Continuer la lecture de <span class=\"screen-reader-text\">La super journ\u00e9e du vendredi 13<\/span><\/a><\/p>\n","protected":false},"author":6,"featured_media":0,"comment_status":"open","ping_status":"closed","sticky":false,"template":"","format":"standard","meta":{"footnotes":""},"categories":[1],"tags":[],"class_list":["post-7195","post","type-post","status-publish","format-standard","hentry","category-sejours-ete"],"_links":{"self":[{"href":"https:\/\/www.voilco-aster.fr\/blog-sejours-vacances\/wp-json\/wp\/v2\/posts\/7195","targetHints":{"allow":["GET"]}}],"collection":[{"href":"https:\/\/www.voilco-aster.fr\/blog-sejours-vacances\/wp-json\/wp\/v2\/posts"}],"about":[{"href":"https:\/\/www.voilco-aster.fr\/blog-sejours-vacances\/wp-json\/wp\/v2\/types\/post"}],"author":[{"embeddable":true,"href":"https:\/\/www.voilco-aster.fr\/blog-sejours-vacances\/wp-json\/wp\/v2\/users\/6"}],"replies":[{"embeddable":true,"href":"https:\/\/www.voilco-aster.fr\/blog-sejours-vacances\/wp-json\/wp\/v2\/comments?post=7195"}],"version-history":[{"count":1,"href":"https:\/\/www.voilco-aster.fr\/blog-sejours-vacances\/wp-json\/wp\/v2\/posts\/7195\/revisions"}],"predecessor-version":[{"id":7211,"href":"https:\/\/www.voilco-aster.fr\/blog-sejours-vacances\/wp-json\/wp\/v2\/posts\/7195\/revisions\/7211"}],"wp:attachment":[{"href":"https:\/\/www.voilco-aster.fr\/blog-sejours-vacances\/wp-json\/wp\/v2\/media?parent=7195"}],"wp:term":[{"taxonomy":"category","embeddable":true,"href":"https:\/\/www.voilco-aster.fr\/blog-sejours-vacances\/wp-json\/wp\/v2\/categories?post=7195"},{"taxonomy":"post_tag","embeddable":true,"href":"https:\/\/www.voilco-aster.fr\/blog-sejours-vacances\/wp-json\/wp\/v2\/tags?post=7195"}],"curies":[{"name":"wp","href":"https:\/\/api.w.org\/{rel}","templated":true}]}}