{"id":7212,"date":"2021-08-14T23:41:08","date_gmt":"2021-08-14T22:41:08","guid":{"rendered":"https:\/\/www.voilco-aster.fr\/blog-sejours-vacances\/?p=7212"},"modified":"2021-08-14T23:46:57","modified_gmt":"2021-08-14T22:46:57","slug":"vive-le-soleil-et-la-bonne-humeur-a-voilco","status":"publish","type":"post","link":"https:\/\/www.voilco-aster.fr\/blog-sejours-vacances\/2021\/08\/14\/vive-le-soleil-et-la-bonne-humeur-a-voilco\/","title":{"rendered":"Vive le soleil et la bonne humeur \u00e0 Voilco !"},"content":{"rendered":"\n<figure class=\"wp-block-image size-large\"><img loading=\"lazy\" decoding=\"async\" width=\"800\" height=\"600\" src=\"https:\/\/www.voilco-aster.fr\/blog-sejours-vacances\/files\/2021\/08\/EB9BAEC9-0329-411C-96BC-ED4C62EE4B37_1_105_c-800x600.jpeg\" alt=\"\" class=\"wp-image-7213\" srcset=\"https:\/\/www.voilco-aster.fr\/blog-sejours-vacances\/files\/2021\/08\/EB9BAEC9-0329-411C-96BC-ED4C62EE4B37_1_105_c-800x600.jpeg 800w, https:\/\/www.voilco-aster.fr\/blog-sejours-vacances\/files\/2021\/08\/EB9BAEC9-0329-411C-96BC-ED4C62EE4B37_1_105_c-300x225.jpeg 300w, https:\/\/www.voilco-aster.fr\/blog-sejours-vacances\/files\/2021\/08\/EB9BAEC9-0329-411C-96BC-ED4C62EE4B37_1_105_c-768x576.jpeg 768w, https:\/\/www.voilco-aster.fr\/blog-sejours-vacances\/files\/2021\/08\/EB9BAEC9-0329-411C-96BC-ED4C62EE4B37_1_105_c.jpeg 1024w\" sizes=\"auto, (max-width: 800px) 100vw, 800px\" \/><\/figure>\n\n\n\n\n\n<figure class=\"wp-block-image size-large\"><img loading=\"lazy\" decoding=\"async\" width=\"600\" height=\"800\" src=\"https:\/\/www.voilco-aster.fr\/blog-sejours-vacances\/files\/2021\/08\/IMG_3734-1-600x800.jpg\" alt=\"\" class=\"wp-image-7219\" srcset=\"https:\/\/www.voilco-aster.fr\/blog-sejours-vacances\/files\/2021\/08\/IMG_3734-1-600x800.jpg 600w, https:\/\/www.voilco-aster.fr\/blog-sejours-vacances\/files\/2021\/08\/IMG_3734-1-225x300.jpg 225w, https:\/\/www.voilco-aster.fr\/blog-sejours-vacances\/files\/2021\/08\/IMG_3734-1-768x1024.jpg 768w, https:\/\/www.voilco-aster.fr\/blog-sejours-vacances\/files\/2021\/08\/IMG_3734-1-1152x1536.jpg 1152w, https:\/\/www.voilco-aster.fr\/blog-sejours-vacances\/files\/2021\/08\/IMG_3734-1-1536x2048.jpg 1536w, https:\/\/www.voilco-aster.fr\/blog-sejours-vacances\/files\/2021\/08\/IMG_3734-1-scaled.jpg 1920w\" sizes=\"auto, (max-width: 600px) 100vw, 600px\" \/><\/figure>\n\n\n\n<p>Ce soir, l&rsquo;\u00e9quipe a organis\u00e9 une soir\u00e9e intitul\u00e9e \u00ab\u00a0The Art Party\u00a0\u00bb (la soir\u00e9e des arts). <\/p>\n\n\n\n<p>Au programme, il y avait trois spectacles de th\u00e9\u00e2tre, musique et chants. <\/p>\n\n\n\n<p>Les enfants ont particuli\u00e8rement appr\u00e9ci\u00e9 l&rsquo;ambiance et l&rsquo;\u00e9nergie de la soir\u00e9e. <\/p>\n","protected":false},"excerpt":{"rendered":"<p>Ce soir, l&rsquo;\u00e9quipe a organis\u00e9 une soir\u00e9e intitul\u00e9e \u00ab\u00a0The Art Party\u00a0\u00bb (la soir\u00e9e des arts). Au programme, il y avait trois spectacles de th\u00e9\u00e2tre, musique et chants. Les enfants ont particuli\u00e8rement appr\u00e9ci\u00e9 l&rsquo;ambiance et l&rsquo;\u00e9nergie de la soir\u00e9e.<\/p>\n","protected":false},"author":6,"featured_media":0,"comment_status":"open","ping_status":"closed","sticky":false,"template":"","format":"standard","meta":{"footnotes":""},"categories":[1],"tags":[],"class_list":["post-7212","post","type-post","status-publish","format-standard","hentry","category-sejours-ete"],"_links":{"self":[{"href":"https:\/\/www.voilco-aster.fr\/blog-sejours-vacances\/wp-json\/wp\/v2\/posts\/7212","targetHints":{"allow":["GET"]}}],"collection":[{"href":"https:\/\/www.voilco-aster.fr\/blog-sejours-vacances\/wp-json\/wp\/v2\/posts"}],"about":[{"href":"https:\/\/www.voilco-aster.fr\/blog-sejours-vacances\/wp-json\/wp\/v2\/types\/post"}],"author":[{"embeddable":true,"href":"https:\/\/www.voilco-aster.fr\/blog-sejours-vacances\/wp-json\/wp\/v2\/users\/6"}],"replies":[{"embeddable":true,"href":"https:\/\/www.voilco-aster.fr\/blog-sejours-vacances\/wp-json\/wp\/v2\/comments?post=7212"}],"version-history":[{"count":4,"href":"https:\/\/www.voilco-aster.fr\/blog-sejours-vacances\/wp-json\/wp\/v2\/posts\/7212\/revisions"}],"predecessor-version":[{"id":7222,"href":"https:\/\/www.voilco-aster.fr\/blog-sejours-vacances\/wp-json\/wp\/v2\/posts\/7212\/revisions\/7222"}],"wp:attachment":[{"href":"https:\/\/www.voilco-aster.fr\/blog-sejours-vacances\/wp-json\/wp\/v2\/media?parent=7212"}],"wp:term":[{"taxonomy":"category","embeddable":true,"href":"https:\/\/www.voilco-aster.fr\/blog-sejours-vacances\/wp-json\/wp\/v2\/categories?post=7212"},{"taxonomy":"post_tag","embeddable":true,"href":"https:\/\/www.voilco-aster.fr\/blog-sejours-vacances\/wp-json\/wp\/v2\/tags?post=7212"}],"curies":[{"name":"wp","href":"https:\/\/api.w.org\/{rel}","templated":true}]}}