{"id":7223,"date":"2021-08-18T21:47:03","date_gmt":"2021-08-18T20:47:03","guid":{"rendered":"https:\/\/www.voilco-aster.fr\/blog-sejours-vacances\/?p=7223"},"modified":"2021-08-20T16:50:28","modified_gmt":"2021-08-20T15:50:28","slug":"en-se-dimanche-15-aout","status":"publish","type":"post","link":"https:\/\/www.voilco-aster.fr\/blog-sejours-vacances\/2021\/08\/18\/en-se-dimanche-15-aout\/","title":{"rendered":"En ce dimanche 15 aout"},"content":{"rendered":"\n<p>Bonjour a tous et a toute aujourd&rsquo;hui en se beau jours de dimanche 15 aout <\/p>\n\n\n\n<p>Les enfants on d\u00e9but\u00e9 la journ\u00e9e avec un projets d&rsquo;animation olympiade comprennent diverse \u00e9preuve tels que de la course en sac ou encore du tire a l&rsquo;arc&#8230; <\/p>\n\n\n\n<p>Sur l&rsquo;apr\u00e8s midi divers activit\u00e9 ont \u00e9taient propos\u00e9 : une activit\u00e9 cuisine avec la r\u00e9alisation d&rsquo;un tian au l\u00e9gume pour le repas du soir , ils ont eu la chance de pouvoir particip\u00e9 a des jeux de bois propos\u00e9 par la f\u00eate du village ou encore particip\u00e9 a une grosse balle au prisonnier pour developper leur esprit d&rsquo;\u00e9quipe  <\/p>\n\n\n\n<p>ils ont fini leur journ\u00e9e par une veill\u00e9e th\u00e9\u00e2tre sur un compte nomm\u00e9e le monstre poilu ils ont eu l&rsquo;occasion de se d\u00e9guis\u00e9 et de participer activement \u00e0 cette veill\u00e9e puis ont est aller tous ensembles voir le feu d&rsquo;artifice qui sign\u00e9e la fin de la f\u00eate du village.<\/p>\n\n\n\n<figure class=\"wp-block-gallery columns-1 is-cropped wp-block-gallery-1 is-layout-flex wp-block-gallery-is-layout-flex\"><ul class=\"blocks-gallery-grid\"><li class=\"blocks-gallery-item\"><figure><img loading=\"lazy\" decoding=\"async\" width=\"600\" height=\"800\" src=\"https:\/\/www.voilco-aster.fr\/blog-sejours-vacances\/files\/2021\/08\/IMG-20210815-WA0000-600x800.jpg\" alt=\"\" data-id=\"7224\" data-full-url=\"https:\/\/www.voilco-aster.fr\/blog-sejours-vacances\/files\/2021\/08\/IMG-20210815-WA0000.jpg\" data-link=\"https:\/\/www.voilco-aster.fr\/blog-sejours-vacances\/?attachment_id=7224\" class=\"wp-image-7224\" srcset=\"https:\/\/www.voilco-aster.fr\/blog-sejours-vacances\/files\/2021\/08\/IMG-20210815-WA0000-600x800.jpg 600w, https:\/\/www.voilco-aster.fr\/blog-sejours-vacances\/files\/2021\/08\/IMG-20210815-WA0000-225x300.jpg 225w, https:\/\/www.voilco-aster.fr\/blog-sejours-vacances\/files\/2021\/08\/IMG-20210815-WA0000-768x1024.jpg 768w, https:\/\/www.voilco-aster.fr\/blog-sejours-vacances\/files\/2021\/08\/IMG-20210815-WA0000-1152x1536.jpg 1152w, https:\/\/www.voilco-aster.fr\/blog-sejours-vacances\/files\/2021\/08\/IMG-20210815-WA0000.jpg 1200w\" sizes=\"auto, (max-width: 600px) 100vw, 600px\" \/><\/figure><\/li><\/ul><\/figure>\n\n\n\n<figure class=\"wp-block-image size-large\"><img loading=\"lazy\" decoding=\"async\" width=\"600\" height=\"800\" src=\"https:\/\/www.voilco-aster.fr\/blog-sejours-vacances\/files\/2021\/08\/IMG-20210815-WA0002-600x800.jpg\" alt=\"\" class=\"wp-image-7225\" srcset=\"https:\/\/www.voilco-aster.fr\/blog-sejours-vacances\/files\/2021\/08\/IMG-20210815-WA0002-600x800.jpg 600w, https:\/\/www.voilco-aster.fr\/blog-sejours-vacances\/files\/2021\/08\/IMG-20210815-WA0002-225x300.jpg 225w, https:\/\/www.voilco-aster.fr\/blog-sejours-vacances\/files\/2021\/08\/IMG-20210815-WA0002-768x1024.jpg 768w, https:\/\/www.voilco-aster.fr\/blog-sejours-vacances\/files\/2021\/08\/IMG-20210815-WA0002-1152x1536.jpg 1152w, https:\/\/www.voilco-aster.fr\/blog-sejours-vacances\/files\/2021\/08\/IMG-20210815-WA0002.jpg 1200w\" sizes=\"auto, (max-width: 600px) 100vw, 600px\" \/><\/figure>\n\n\n\n<figure class=\"wp-block-image size-large\"><img loading=\"lazy\" decoding=\"async\" width=\"600\" height=\"800\" src=\"https:\/\/www.voilco-aster.fr\/blog-sejours-vacances\/files\/2021\/08\/IMG-20210815-WA0003-600x800.jpg\" alt=\"\" class=\"wp-image-7226\" srcset=\"https:\/\/www.voilco-aster.fr\/blog-sejours-vacances\/files\/2021\/08\/IMG-20210815-WA0003-600x800.jpg 600w, https:\/\/www.voilco-aster.fr\/blog-sejours-vacances\/files\/2021\/08\/IMG-20210815-WA0003-225x300.jpg 225w, https:\/\/www.voilco-aster.fr\/blog-sejours-vacances\/files\/2021\/08\/IMG-20210815-WA0003-768x1024.jpg 768w, https:\/\/www.voilco-aster.fr\/blog-sejours-vacances\/files\/2021\/08\/IMG-20210815-WA0003-1152x1536.jpg 1152w, https:\/\/www.voilco-aster.fr\/blog-sejours-vacances\/files\/2021\/08\/IMG-20210815-WA0003.jpg 1200w\" sizes=\"auto, (max-width: 600px) 100vw, 600px\" \/><\/figure>\n\n\n\n<figure class=\"wp-block-image size-large\"><img loading=\"lazy\" decoding=\"async\" width=\"450\" height=\"800\" src=\"https:\/\/www.voilco-aster.fr\/blog-sejours-vacances\/files\/2021\/08\/IMG-20210815-WA0009-450x800.jpeg\" alt=\"\" class=\"wp-image-7232\" srcset=\"https:\/\/www.voilco-aster.fr\/blog-sejours-vacances\/files\/2021\/08\/IMG-20210815-WA0009-450x800.jpeg 450w, https:\/\/www.voilco-aster.fr\/blog-sejours-vacances\/files\/2021\/08\/IMG-20210815-WA0009-169x300.jpeg 169w, https:\/\/www.voilco-aster.fr\/blog-sejours-vacances\/files\/2021\/08\/IMG-20210815-WA0009-768x1365.jpeg 768w, https:\/\/www.voilco-aster.fr\/blog-sejours-vacances\/files\/2021\/08\/IMG-20210815-WA0009-864x1536.jpeg 864w, https:\/\/www.voilco-aster.fr\/blog-sejours-vacances\/files\/2021\/08\/IMG-20210815-WA0009.jpeg 1080w\" sizes=\"auto, (max-width: 450px) 100vw, 450px\" \/><\/figure>\n\n\n\n<figure class=\"wp-block-image size-large\"><img loading=\"lazy\" decoding=\"async\" width=\"600\" height=\"800\" src=\"https:\/\/www.voilco-aster.fr\/blog-sejours-vacances\/files\/2021\/08\/IMG-20210815-WA0004-1-600x800.jpg\" alt=\"\" class=\"wp-image-7233\" srcset=\"https:\/\/www.voilco-aster.fr\/blog-sejours-vacances\/files\/2021\/08\/IMG-20210815-WA0004-1-600x800.jpg 600w, https:\/\/www.voilco-aster.fr\/blog-sejours-vacances\/files\/2021\/08\/IMG-20210815-WA0004-1-225x300.jpg 225w, https:\/\/www.voilco-aster.fr\/blog-sejours-vacances\/files\/2021\/08\/IMG-20210815-WA0004-1-768x1024.jpg 768w, https:\/\/www.voilco-aster.fr\/blog-sejours-vacances\/files\/2021\/08\/IMG-20210815-WA0004-1-1152x1536.jpg 1152w, https:\/\/www.voilco-aster.fr\/blog-sejours-vacances\/files\/2021\/08\/IMG-20210815-WA0004-1.jpg 1200w\" sizes=\"auto, (max-width: 600px) 100vw, 600px\" \/><\/figure>\n\n\n\n<figure class=\"wp-block-image size-large\"><img loading=\"lazy\" decoding=\"async\" width=\"600\" height=\"800\" src=\"https:\/\/www.voilco-aster.fr\/blog-sejours-vacances\/files\/2021\/08\/IMG-20210815-WA0005-2-600x800.jpg\" alt=\"\" class=\"wp-image-7234\" srcset=\"https:\/\/www.voilco-aster.fr\/blog-sejours-vacances\/files\/2021\/08\/IMG-20210815-WA0005-2-600x800.jpg 600w, https:\/\/www.voilco-aster.fr\/blog-sejours-vacances\/files\/2021\/08\/IMG-20210815-WA0005-2-225x300.jpg 225w, https:\/\/www.voilco-aster.fr\/blog-sejours-vacances\/files\/2021\/08\/IMG-20210815-WA0005-2-768x1024.jpg 768w, https:\/\/www.voilco-aster.fr\/blog-sejours-vacances\/files\/2021\/08\/IMG-20210815-WA0005-2-1152x1536.jpg 1152w, https:\/\/www.voilco-aster.fr\/blog-sejours-vacances\/files\/2021\/08\/IMG-20210815-WA0005-2.jpg 1200w\" sizes=\"auto, (max-width: 600px) 100vw, 600px\" \/><\/figure>\n","protected":false},"excerpt":{"rendered":"<p>Bonjour a tous et a toute aujourd&rsquo;hui en se beau jours de dimanche 15 aout Les enfants on d\u00e9but\u00e9 la journ\u00e9e avec un projets d&rsquo;animation olympiade comprennent diverse \u00e9preuve tels que de la course en sac ou encore du tire a l&rsquo;arc&#8230; Sur l&rsquo;apr\u00e8s midi divers activit\u00e9 ont \u00e9taient propos\u00e9 : une activit\u00e9 cuisine avec &hellip; <a href=\"https:\/\/www.voilco-aster.fr\/blog-sejours-vacances\/2021\/08\/18\/en-se-dimanche-15-aout\/\" class=\"more-link\">Continuer la lecture de <span class=\"screen-reader-text\">En ce dimanche 15 aout<\/span><\/a><\/p>\n","protected":false},"author":6,"featured_media":0,"comment_status":"open","ping_status":"closed","sticky":false,"template":"","format":"standard","meta":{"footnotes":""},"categories":[1],"tags":[],"class_list":["post-7223","post","type-post","status-publish","format-standard","hentry","category-sejours-ete"],"_links":{"self":[{"href":"https:\/\/www.voilco-aster.fr\/blog-sejours-vacances\/wp-json\/wp\/v2\/posts\/7223","targetHints":{"allow":["GET"]}}],"collection":[{"href":"https:\/\/www.voilco-aster.fr\/blog-sejours-vacances\/wp-json\/wp\/v2\/posts"}],"about":[{"href":"https:\/\/www.voilco-aster.fr\/blog-sejours-vacances\/wp-json\/wp\/v2\/types\/post"}],"author":[{"embeddable":true,"href":"https:\/\/www.voilco-aster.fr\/blog-sejours-vacances\/wp-json\/wp\/v2\/users\/6"}],"replies":[{"embeddable":true,"href":"https:\/\/www.voilco-aster.fr\/blog-sejours-vacances\/wp-json\/wp\/v2\/comments?post=7223"}],"version-history":[{"count":2,"href":"https:\/\/www.voilco-aster.fr\/blog-sejours-vacances\/wp-json\/wp\/v2\/posts\/7223\/revisions"}],"predecessor-version":[{"id":7274,"href":"https:\/\/www.voilco-aster.fr\/blog-sejours-vacances\/wp-json\/wp\/v2\/posts\/7223\/revisions\/7274"}],"wp:attachment":[{"href":"https:\/\/www.voilco-aster.fr\/blog-sejours-vacances\/wp-json\/wp\/v2\/media?parent=7223"}],"wp:term":[{"taxonomy":"category","embeddable":true,"href":"https:\/\/www.voilco-aster.fr\/blog-sejours-vacances\/wp-json\/wp\/v2\/categories?post=7223"},{"taxonomy":"post_tag","embeddable":true,"href":"https:\/\/www.voilco-aster.fr\/blog-sejours-vacances\/wp-json\/wp\/v2\/tags?post=7223"}],"curies":[{"name":"wp","href":"https:\/\/api.w.org\/{rel}","templated":true}]}}