{"id":7235,"date":"2021-08-16T13:23:02","date_gmt":"2021-08-16T12:23:02","guid":{"rendered":"https:\/\/www.voilco-aster.fr\/blog-sejours-vacances\/?p=7235"},"modified":"2021-08-17T21:04:02","modified_gmt":"2021-08-17T20:04:02","slug":"une-derniere-journee-tous-ensemble-tres-collective","status":"publish","type":"post","link":"https:\/\/www.voilco-aster.fr\/blog-sejours-vacances\/2021\/08\/16\/une-derniere-journee-tous-ensemble-tres-collective\/","title":{"rendered":"Une derni\u00e8re journ\u00e9e tous ensemble tr\u00e8s collective !"},"content":{"rendered":"\n<p><strong>14\/08<\/strong> Pour cette derni\u00e8re journ\u00e9e du deuxi\u00e8me s\u00e9jour, les enfants ont \u00e9t\u00e9 mis \u00e0 contribution pour organiser des activit\u00e9s o\u00f9 tout le monde a pu participer. Ces pr\u00e9paratifs \u00e9taient une partie des activit\u00e9s matinales qui leur ont \u00e9t\u00e9 propos\u00e9es. Mais pour les enfants qui ne participaient pas \u00e0 la pr\u00e9paration des activit\u00e9s de l\u2019apr\u00e8s-midi et du soir, certains sont partis faire du cano\u00eb-kayak, quand d&rsquo;autres ont particip\u00e9 \u00e0 un jeu \u00ab\u00a0la peste\u00a0\u00bb, activit\u00e9s qui les ont bien d\u00e9foul\u00e9 !<\/p>\n\n\n\n<p>Apr\u00e8s une longue pr\u00e9paration, la premi\u00e8re grande animation de la journ\u00e9e pouvait commencer. C\u2019\u00e9tait une olympiade o\u00f9 tous les enfants et les animateurs \u00e9taient convi\u00e9s, le tout sur le th\u00e8me de la Gr\u00e8ce antique. Tout le monde, et par petits groupes, a rencontr\u00e9 des figures symboliques de la Gr\u00e8ce antique qu\u2019ils devaient affronter dans diverses \u00e9preuves. L\u2019\u00e9quipe la plus rapide \u00e0 battre tous ces dieux a eu l\u2019honneur de les affronter dans une course relai autour de la presque \u00eele, les dieux ont d\u2019ailleurs \u00e9t\u00e9 vaincus. Apr\u00e8s tous ces efforts, les enfants ont pu profiter de quelques minutes de baignade pour se rafraichir avant de partir se doucher.<\/p>\n\n\n\n<div class=\"wp-block-image\"><figure class=\"aligncenter size-large is-resized\"><img loading=\"lazy\" decoding=\"async\" src=\"https:\/\/www.voilco-aster.fr\/blog-sejours-vacances\/files\/2021\/08\/DSCN0403-1-800x600.jpg\" alt=\"\" class=\"wp-image-7240\" width=\"488\" height=\"365\" srcset=\"https:\/\/www.voilco-aster.fr\/blog-sejours-vacances\/files\/2021\/08\/DSCN0403-1-800x600.jpg 800w, https:\/\/www.voilco-aster.fr\/blog-sejours-vacances\/files\/2021\/08\/DSCN0403-1-300x225.jpg 300w, https:\/\/www.voilco-aster.fr\/blog-sejours-vacances\/files\/2021\/08\/DSCN0403-1-768x576.jpg 768w, https:\/\/www.voilco-aster.fr\/blog-sejours-vacances\/files\/2021\/08\/DSCN0403-1-1536x1152.jpg 1536w, https:\/\/www.voilco-aster.fr\/blog-sejours-vacances\/files\/2021\/08\/DSCN0403-1-2048x1536.jpg 2048w\" sizes=\"auto, (max-width: 488px) 100vw, 488px\" \/><\/figure><\/div>\n\n\n\n<p>Et le soir, rebelote ! Les enfants ainsi que les animateurs ont pu participer \u00e0 une seconde et derni\u00e8re activit\u00e9 collective pour cl\u00f4turer cette incroyable journ\u00e9e : une enqu\u00eate polici\u00e8re. On a d\u00fb, \u00e0 nouveau par petits groupes, \u00e9lucider une affaire de meurtre au couteau sur M. Balais. Pour cela nous devions r\u00e9colter des indices en allant discuter avec les 8 suspects \u00e9parpill\u00e9s un peu partout sur la presqu\u2019\u00eele. Et malgr\u00e9 le fait qu\u2019aucun groupe n\u2019ait r\u00e9ussi \u00e0 trouver le bon coupable, les enfants mais aussi les animateurs se sont vraiment amus\u00e9s et ont ador\u00e9 cette animation nocturne.<\/p>\n\n\n\n<div class=\"wp-block-image\"><figure class=\"aligncenter size-large\"><img loading=\"lazy\" decoding=\"async\" width=\"600\" height=\"800\" src=\"https:\/\/www.voilco-aster.fr\/blog-sejours-vacances\/files\/2021\/08\/DSCN0408-600x800.jpg\" alt=\"\" class=\"wp-image-7239\" srcset=\"https:\/\/www.voilco-aster.fr\/blog-sejours-vacances\/files\/2021\/08\/DSCN0408-600x800.jpg 600w, https:\/\/www.voilco-aster.fr\/blog-sejours-vacances\/files\/2021\/08\/DSCN0408-225x300.jpg 225w, https:\/\/www.voilco-aster.fr\/blog-sejours-vacances\/files\/2021\/08\/DSCN0408-768x1024.jpg 768w, https:\/\/www.voilco-aster.fr\/blog-sejours-vacances\/files\/2021\/08\/DSCN0408-1152x1536.jpg 1152w, https:\/\/www.voilco-aster.fr\/blog-sejours-vacances\/files\/2021\/08\/DSCN0408-1536x2048.jpg 1536w, https:\/\/www.voilco-aster.fr\/blog-sejours-vacances\/files\/2021\/08\/DSCN0408-scaled.jpg 1920w\" sizes=\"auto, (max-width: 600px) 100vw, 600px\" \/><\/figure><\/div>\n\n\n\n<p><\/p>\n","protected":false},"excerpt":{"rendered":"<p>14\/08 Pour cette derni\u00e8re journ\u00e9e du deuxi\u00e8me s\u00e9jour, les enfants ont \u00e9t\u00e9 mis \u00e0 contribution pour organiser des activit\u00e9s o\u00f9 tout le monde a pu participer. Ces pr\u00e9paratifs \u00e9taient une partie des activit\u00e9s matinales qui leur ont \u00e9t\u00e9 propos\u00e9es. Mais pour les enfants qui ne participaient pas \u00e0 la pr\u00e9paration des activit\u00e9s de l\u2019apr\u00e8s-midi et &hellip; <a href=\"https:\/\/www.voilco-aster.fr\/blog-sejours-vacances\/2021\/08\/16\/une-derniere-journee-tous-ensemble-tres-collective\/\" class=\"more-link\">Continuer la lecture de <span class=\"screen-reader-text\">Une derni\u00e8re journ\u00e9e tous ensemble tr\u00e8s collective !<\/span><\/a><\/p>\n","protected":false},"author":1,"featured_media":0,"comment_status":"open","ping_status":"closed","sticky":false,"template":"","format":"standard","meta":{"footnotes":""},"categories":[1],"tags":[],"class_list":["post-7235","post","type-post","status-publish","format-standard","hentry","category-sejours-ete"],"_links":{"self":[{"href":"https:\/\/www.voilco-aster.fr\/blog-sejours-vacances\/wp-json\/wp\/v2\/posts\/7235","targetHints":{"allow":["GET"]}}],"collection":[{"href":"https:\/\/www.voilco-aster.fr\/blog-sejours-vacances\/wp-json\/wp\/v2\/posts"}],"about":[{"href":"https:\/\/www.voilco-aster.fr\/blog-sejours-vacances\/wp-json\/wp\/v2\/types\/post"}],"author":[{"embeddable":true,"href":"https:\/\/www.voilco-aster.fr\/blog-sejours-vacances\/wp-json\/wp\/v2\/users\/1"}],"replies":[{"embeddable":true,"href":"https:\/\/www.voilco-aster.fr\/blog-sejours-vacances\/wp-json\/wp\/v2\/comments?post=7235"}],"version-history":[{"count":2,"href":"https:\/\/www.voilco-aster.fr\/blog-sejours-vacances\/wp-json\/wp\/v2\/posts\/7235\/revisions"}],"predecessor-version":[{"id":7245,"href":"https:\/\/www.voilco-aster.fr\/blog-sejours-vacances\/wp-json\/wp\/v2\/posts\/7235\/revisions\/7245"}],"wp:attachment":[{"href":"https:\/\/www.voilco-aster.fr\/blog-sejours-vacances\/wp-json\/wp\/v2\/media?parent=7235"}],"wp:term":[{"taxonomy":"category","embeddable":true,"href":"https:\/\/www.voilco-aster.fr\/blog-sejours-vacances\/wp-json\/wp\/v2\/categories?post=7235"},{"taxonomy":"post_tag","embeddable":true,"href":"https:\/\/www.voilco-aster.fr\/blog-sejours-vacances\/wp-json\/wp\/v2\/tags?post=7235"}],"curies":[{"name":"wp","href":"https:\/\/api.w.org\/{rel}","templated":true}]}}