{"id":7242,"date":"2021-08-16T20:54:54","date_gmt":"2021-08-16T19:54:54","guid":{"rendered":"https:\/\/www.voilco-aster.fr\/blog-sejours-vacances\/?p=7242"},"modified":"2021-08-17T14:48:00","modified_gmt":"2021-08-17T13:48:00","slug":"une-journee-pleine-de-sourires","status":"publish","type":"post","link":"https:\/\/www.voilco-aster.fr\/blog-sejours-vacances\/2021\/08\/16\/une-journee-pleine-de-sourires\/","title":{"rendered":"Une journ\u00e9e pleine de sourires"},"content":{"rendered":"\n<p><strong>16\/08 <\/strong>Ce matin et comme \u00e0 notre habitude, un groupe d\u2019enfants est parti faire du cano\u00eb-kayak sur ce beau lac de Viam recouvert d\u2019un magnifique brouillard matinal. Tandis que les autres avaient le choix entre une activit\u00e9 sportive et amusante, un \u00ab \u00e9pervier \u00bb et une \u00ab balle aux prisonniers \u00bb. Ou alors une autre plus calme qui consistait \u00e0 pr\u00e9parer un g\u00e2teau au chocolat pour le go\u00fbter de tout le monde, un vrai d\u00e9lice !<\/p>\n\n\n\n<p>Cet apr\u00e8s-midi c\u2019\u00e9tait activit\u00e9 voile pour profiter de la brise qui nous \u00e9tait donn\u00e9e. Pendant que les 23 autres enfants faisaient un gigantesque \u00ab Sagamor \u00bb qu\u2019il leur a bien plus du fait du nombre de participants assez astronomique.<\/p>\n\n\n\n<p>Et comme veill\u00e9e de ce soir, nous leur proposons tout d\u2019abord deux activit\u00e9s plut\u00f4t calmes : une veill\u00e9 qui consiste \u00e0 \u00e9crire des lettres aux parents ou alors de simplement dessiner dans une ambiance calme et reposante. Et comme seconde activit\u00e9 calme de ce soir, une veill\u00e9e contes et lecture. La derni\u00e8re activit\u00e9 de cette soir\u00e9e est de pr\u00e9parer le d\u00e9part en randonn\u00e9 de demain matin.<\/p>\n","protected":false},"excerpt":{"rendered":"<p>16\/08 Ce matin et comme \u00e0 notre habitude, un groupe d\u2019enfants est parti faire du cano\u00eb-kayak sur ce beau lac de Viam recouvert d\u2019un magnifique brouillard matinal. Tandis que les autres avaient le choix entre une activit\u00e9 sportive et amusante, un \u00ab \u00e9pervier \u00bb et une \u00ab balle aux prisonniers \u00bb. Ou alors une autre &hellip; <a href=\"https:\/\/www.voilco-aster.fr\/blog-sejours-vacances\/2021\/08\/16\/une-journee-pleine-de-sourires\/\" class=\"more-link\">Continuer la lecture de <span class=\"screen-reader-text\">Une journ\u00e9e pleine de sourires<\/span><\/a><\/p>\n","protected":false},"author":1,"featured_media":0,"comment_status":"open","ping_status":"closed","sticky":false,"template":"","format":"standard","meta":{"footnotes":""},"categories":[1],"tags":[],"class_list":["post-7242","post","type-post","status-publish","format-standard","hentry","category-sejours-ete"],"_links":{"self":[{"href":"https:\/\/www.voilco-aster.fr\/blog-sejours-vacances\/wp-json\/wp\/v2\/posts\/7242","targetHints":{"allow":["GET"]}}],"collection":[{"href":"https:\/\/www.voilco-aster.fr\/blog-sejours-vacances\/wp-json\/wp\/v2\/posts"}],"about":[{"href":"https:\/\/www.voilco-aster.fr\/blog-sejours-vacances\/wp-json\/wp\/v2\/types\/post"}],"author":[{"embeddable":true,"href":"https:\/\/www.voilco-aster.fr\/blog-sejours-vacances\/wp-json\/wp\/v2\/users\/1"}],"replies":[{"embeddable":true,"href":"https:\/\/www.voilco-aster.fr\/blog-sejours-vacances\/wp-json\/wp\/v2\/comments?post=7242"}],"version-history":[{"count":2,"href":"https:\/\/www.voilco-aster.fr\/blog-sejours-vacances\/wp-json\/wp\/v2\/posts\/7242\/revisions"}],"predecessor-version":[{"id":7244,"href":"https:\/\/www.voilco-aster.fr\/blog-sejours-vacances\/wp-json\/wp\/v2\/posts\/7242\/revisions\/7244"}],"wp:attachment":[{"href":"https:\/\/www.voilco-aster.fr\/blog-sejours-vacances\/wp-json\/wp\/v2\/media?parent=7242"}],"wp:term":[{"taxonomy":"category","embeddable":true,"href":"https:\/\/www.voilco-aster.fr\/blog-sejours-vacances\/wp-json\/wp\/v2\/categories?post=7242"},{"taxonomy":"post_tag","embeddable":true,"href":"https:\/\/www.voilco-aster.fr\/blog-sejours-vacances\/wp-json\/wp\/v2\/tags?post=7242"}],"curies":[{"name":"wp","href":"https:\/\/api.w.org\/{rel}","templated":true}]}}