{"id":7267,"date":"2021-08-18T22:02:40","date_gmt":"2021-08-18T21:02:40","guid":{"rendered":"https:\/\/www.voilco-aster.fr\/blog-sejours-vacances\/?p=7267"},"modified":"2021-08-18T22:02:40","modified_gmt":"2021-08-18T21:02:40","slug":"quelques-petits-moments-de-bonheur-a-voilco-ce-mercredi-18-aout","status":"publish","type":"post","link":"https:\/\/www.voilco-aster.fr\/blog-sejours-vacances\/2021\/08\/18\/quelques-petits-moments-de-bonheur-a-voilco-ce-mercredi-18-aout\/","title":{"rendered":"Quelques petits moments de bonheur \u00e0 Voilco, ce mercredi 18 ao\u00fbt !"},"content":{"rendered":"\n<p>Aujourd&rsquo;hui, un groupe de quatorze enfants a profit\u00e9 de sa premi\u00e8re journ\u00e9e de campement, avec les animateurs Luc et Marie. Ils ont pu s&rsquo;impr\u00e9gner de la nature et profiter de cette aventure en dehors du centre. <\/p>\n\n\n\n<p>Voici une photo \u00e0 leur arriv\u00e9e sur leur lieux de campement.<\/p>\n\n\n\n<figure class=\"wp-block-image size-large\"><img loading=\"lazy\" decoding=\"async\" width=\"600\" height=\"800\" src=\"https:\/\/www.voilco-aster.fr\/blog-sejours-vacances\/files\/2021\/08\/99D475C3-F609-4A18-97FA-12B8DAFF600E_1_105_c-1-600x800.jpeg\" alt=\"\" class=\"wp-image-7271\" srcset=\"https:\/\/www.voilco-aster.fr\/blog-sejours-vacances\/files\/2021\/08\/99D475C3-F609-4A18-97FA-12B8DAFF600E_1_105_c-1-600x800.jpeg 600w, https:\/\/www.voilco-aster.fr\/blog-sejours-vacances\/files\/2021\/08\/99D475C3-F609-4A18-97FA-12B8DAFF600E_1_105_c-1-225x300.jpeg 225w, https:\/\/www.voilco-aster.fr\/blog-sejours-vacances\/files\/2021\/08\/99D475C3-F609-4A18-97FA-12B8DAFF600E_1_105_c-1.jpeg 768w\" sizes=\"auto, (max-width: 600px) 100vw, 600px\" \/><\/figure>\n\n\n\n<p><\/p>\n\n\n\n<p>De plus, une partie du groupe d&rsquo;enfants rest\u00e9s sur le centre ont pu r\u00e9alis\u00e9 des cookies maisons aux p\u00e9pites de chocolat. Ils ont ador\u00e9 ! <\/p>\n\n\n\n<p>Voil\u00e0 une photo des enfants, tr\u00e8s contents de leur belle r\u00e9ussite culinaire !<\/p>\n\n\n\n<figure class=\"wp-block-image size-large\"><img loading=\"lazy\" decoding=\"async\" width=\"800\" height=\"600\" src=\"https:\/\/www.voilco-aster.fr\/blog-sejours-vacances\/files\/2021\/08\/34AFE986-366E-4CA3-B826-A79EFE0E5D95_1_105_c-1-800x600.jpeg\" alt=\"\" class=\"wp-image-7272\" srcset=\"https:\/\/www.voilco-aster.fr\/blog-sejours-vacances\/files\/2021\/08\/34AFE986-366E-4CA3-B826-A79EFE0E5D95_1_105_c-1-800x600.jpeg 800w, https:\/\/www.voilco-aster.fr\/blog-sejours-vacances\/files\/2021\/08\/34AFE986-366E-4CA3-B826-A79EFE0E5D95_1_105_c-1-300x225.jpeg 300w, https:\/\/www.voilco-aster.fr\/blog-sejours-vacances\/files\/2021\/08\/34AFE986-366E-4CA3-B826-A79EFE0E5D95_1_105_c-1-768x576.jpeg 768w, https:\/\/www.voilco-aster.fr\/blog-sejours-vacances\/files\/2021\/08\/34AFE986-366E-4CA3-B826-A79EFE0E5D95_1_105_c-1.jpeg 1024w\" sizes=\"auto, (max-width: 800px) 100vw, 800px\" \/><\/figure>\n\n\n\n<p>Evan, Kenzo, Moyad, Emad et Nicolas.<\/p>\n\n\n\n<p>Pour finir, la journ\u00e9e s&rsquo;est termin\u00e9e par un cache-cache g\u00e9ant au sein de la for\u00eat pour certains et la fin de la pr\u00e9paration \u00e0 la derni\u00e8re randonn\u00e9e pour d&rsquo;autres. <\/p>\n\n\n\n<p>En effet, une dizaine d&rsquo;enfants vont partir en randonn\u00e9e une derni\u00e8re fois ce jeudi a fin de profiter du cadre id\u00e9al que nous offre notre r\u00e9gion. <\/p>\n","protected":false},"excerpt":{"rendered":"<p>Aujourd&rsquo;hui, un groupe de quatorze enfants a profit\u00e9 de sa premi\u00e8re journ\u00e9e de campement, avec les animateurs Luc et Marie. Ils ont pu s&rsquo;impr\u00e9gner de la nature et profiter de cette aventure en dehors du centre. Voici une photo \u00e0 leur arriv\u00e9e sur leur lieux de campement. De plus, une partie du groupe d&rsquo;enfants rest\u00e9s &hellip; <a href=\"https:\/\/www.voilco-aster.fr\/blog-sejours-vacances\/2021\/08\/18\/quelques-petits-moments-de-bonheur-a-voilco-ce-mercredi-18-aout\/\" class=\"more-link\">Continuer la lecture de <span class=\"screen-reader-text\">Quelques petits moments de bonheur \u00e0 Voilco, ce mercredi 18 ao\u00fbt !<\/span><\/a><\/p>\n","protected":false},"author":6,"featured_media":0,"comment_status":"open","ping_status":"closed","sticky":false,"template":"","format":"standard","meta":{"footnotes":""},"categories":[1],"tags":[],"class_list":["post-7267","post","type-post","status-publish","format-standard","hentry","category-sejours-ete"],"_links":{"self":[{"href":"https:\/\/www.voilco-aster.fr\/blog-sejours-vacances\/wp-json\/wp\/v2\/posts\/7267","targetHints":{"allow":["GET"]}}],"collection":[{"href":"https:\/\/www.voilco-aster.fr\/blog-sejours-vacances\/wp-json\/wp\/v2\/posts"}],"about":[{"href":"https:\/\/www.voilco-aster.fr\/blog-sejours-vacances\/wp-json\/wp\/v2\/types\/post"}],"author":[{"embeddable":true,"href":"https:\/\/www.voilco-aster.fr\/blog-sejours-vacances\/wp-json\/wp\/v2\/users\/6"}],"replies":[{"embeddable":true,"href":"https:\/\/www.voilco-aster.fr\/blog-sejours-vacances\/wp-json\/wp\/v2\/comments?post=7267"}],"version-history":[{"count":1,"href":"https:\/\/www.voilco-aster.fr\/blog-sejours-vacances\/wp-json\/wp\/v2\/posts\/7267\/revisions"}],"predecessor-version":[{"id":7273,"href":"https:\/\/www.voilco-aster.fr\/blog-sejours-vacances\/wp-json\/wp\/v2\/posts\/7267\/revisions\/7273"}],"wp:attachment":[{"href":"https:\/\/www.voilco-aster.fr\/blog-sejours-vacances\/wp-json\/wp\/v2\/media?parent=7267"}],"wp:term":[{"taxonomy":"category","embeddable":true,"href":"https:\/\/www.voilco-aster.fr\/blog-sejours-vacances\/wp-json\/wp\/v2\/categories?post=7267"},{"taxonomy":"post_tag","embeddable":true,"href":"https:\/\/www.voilco-aster.fr\/blog-sejours-vacances\/wp-json\/wp\/v2\/tags?post=7267"}],"curies":[{"name":"wp","href":"https:\/\/api.w.org\/{rel}","templated":true}]}}