{"id":7275,"date":"2021-08-20T22:31:41","date_gmt":"2021-08-20T21:31:41","guid":{"rendered":"https:\/\/www.voilco-aster.fr\/blog-sejours-vacances\/?p=7275"},"modified":"2021-08-20T22:31:41","modified_gmt":"2021-08-20T21:31:41","slug":"vendredi-20-aout","status":"publish","type":"post","link":"https:\/\/www.voilco-aster.fr\/blog-sejours-vacances\/2021\/08\/20\/vendredi-20-aout\/","title":{"rendered":"Vendredi 20 ao\u00fbt"},"content":{"rendered":"\n<p>Aujourd&rsquo;hui, les enfants ont pu appr\u00e9ci\u00e9 le beau temps en participant \u00e0 plusieurs activit\u00e9s en plein air.<\/p>\n\n\n\n<p>Ce matin les enfants on eut le choix entre une activit\u00e9 cano\u00eb et une sortie au city (le terrain multisport qui se trouve au centre du village).<\/p>\n\n\n\n<p>En effet, au city, un groupe d&rsquo;enfant a fait un mini-foot et plusieurs jeux tels que la \u00ab\u00a0gamelle\u00a0\u00bb (un jeu de ballon). <\/p>\n\n\n\n<p>C&rsquo;\u00e9tait tr\u00e8s sympa de faire plusieurs activit\u00e9s sportives sous le soleil, cela a permis au enfant de profiter \u00e0 fond de l&rsquo;endroit !<\/p>\n\n\n\n<p>Les enfants ont aussi ador\u00e9 le cano\u00eb et certains ont m\u00eame pu en refaire dans l&rsquo;apr\u00e8s-midi. Ils se sont baign\u00e9 \u00e0 la fin de l&rsquo;activit\u00e9, afin de profiter du beau temps.<\/p>\n\n\n\n<p>L&rsquo;avant derni\u00e8re journ\u00e9e avant la fin de la colonie s&rsquo;est termin\u00e9e par une veill\u00e9e o\u00f9 les enfants ont \u00e9t\u00e9 convi\u00e9 au restaurant \u00ab\u00a0La Table de Flo\u00a0\u00bb. <\/p>\n\n\n\n<p>Ils ont pu choisir leurs plats et se r\u00e9unir en petits groupes pour d\u00e9guster les belles pr\u00e9parations culinaires de notre super cuisinier Florent ! <\/p>\n\n\n\n<p>Les enfants ont ador\u00e9 contribuer \u00e0 cette exp\u00e9rience et ont pu d\u00e9couvrir de nouveaux plats et de nouvelles saveurs qu&rsquo;ils ne connaissaient pas v\u00e9ritablement. <\/p>\n\n\n\n<p>Voici quelques photos de cette belle journ\u00e9e ensoleill\u00e9e.<\/p>\n\n\n\n<figure class=\"wp-block-image size-large\"><img loading=\"lazy\" decoding=\"async\" width=\"600\" height=\"800\" src=\"https:\/\/www.voilco-aster.fr\/blog-sejours-vacances\/files\/2021\/08\/70FF2723-846A-49ED-B021-A5C5FC2BA2CA_1_105_c-600x800.jpeg\" alt=\"\" class=\"wp-image-7276\" srcset=\"https:\/\/www.voilco-aster.fr\/blog-sejours-vacances\/files\/2021\/08\/70FF2723-846A-49ED-B021-A5C5FC2BA2CA_1_105_c-600x800.jpeg 600w, https:\/\/www.voilco-aster.fr\/blog-sejours-vacances\/files\/2021\/08\/70FF2723-846A-49ED-B021-A5C5FC2BA2CA_1_105_c-225x300.jpeg 225w, https:\/\/www.voilco-aster.fr\/blog-sejours-vacances\/files\/2021\/08\/70FF2723-846A-49ED-B021-A5C5FC2BA2CA_1_105_c.jpeg 768w\" sizes=\"auto, (max-width: 600px) 100vw, 600px\" \/><\/figure>\n\n\n\n<figure class=\"wp-block-image size-large\"><img loading=\"lazy\" decoding=\"async\" width=\"800\" height=\"600\" src=\"https:\/\/www.voilco-aster.fr\/blog-sejours-vacances\/files\/2021\/08\/AB9D0B8E-35CF-49F2-8A38-1D4C44D9D54A_1_105_c-800x600.jpeg\" alt=\"\" class=\"wp-image-7277\" srcset=\"https:\/\/www.voilco-aster.fr\/blog-sejours-vacances\/files\/2021\/08\/AB9D0B8E-35CF-49F2-8A38-1D4C44D9D54A_1_105_c-800x600.jpeg 800w, https:\/\/www.voilco-aster.fr\/blog-sejours-vacances\/files\/2021\/08\/AB9D0B8E-35CF-49F2-8A38-1D4C44D9D54A_1_105_c-300x225.jpeg 300w, https:\/\/www.voilco-aster.fr\/blog-sejours-vacances\/files\/2021\/08\/AB9D0B8E-35CF-49F2-8A38-1D4C44D9D54A_1_105_c-768x576.jpeg 768w, https:\/\/www.voilco-aster.fr\/blog-sejours-vacances\/files\/2021\/08\/AB9D0B8E-35CF-49F2-8A38-1D4C44D9D54A_1_105_c.jpeg 1024w\" sizes=\"auto, (max-width: 800px) 100vw, 800px\" \/><\/figure>\n\n\n\n<figure class=\"wp-block-image size-large\"><img loading=\"lazy\" decoding=\"async\" width=\"800\" height=\"600\" src=\"https:\/\/www.voilco-aster.fr\/blog-sejours-vacances\/files\/2021\/08\/79D5EB0A-62D5-4F1F-8D49-23FEC7CEEFA0_1_105_c-800x600.jpeg\" alt=\"\" class=\"wp-image-7278\" srcset=\"https:\/\/www.voilco-aster.fr\/blog-sejours-vacances\/files\/2021\/08\/79D5EB0A-62D5-4F1F-8D49-23FEC7CEEFA0_1_105_c-800x600.jpeg 800w, https:\/\/www.voilco-aster.fr\/blog-sejours-vacances\/files\/2021\/08\/79D5EB0A-62D5-4F1F-8D49-23FEC7CEEFA0_1_105_c-300x225.jpeg 300w, https:\/\/www.voilco-aster.fr\/blog-sejours-vacances\/files\/2021\/08\/79D5EB0A-62D5-4F1F-8D49-23FEC7CEEFA0_1_105_c-768x576.jpeg 768w, https:\/\/www.voilco-aster.fr\/blog-sejours-vacances\/files\/2021\/08\/79D5EB0A-62D5-4F1F-8D49-23FEC7CEEFA0_1_105_c.jpeg 1024w\" sizes=\"auto, (max-width: 800px) 100vw, 800px\" \/><\/figure>\n","protected":false},"excerpt":{"rendered":"<p>Aujourd&rsquo;hui, les enfants ont pu appr\u00e9ci\u00e9 le beau temps en participant \u00e0 plusieurs activit\u00e9s en plein air. Ce matin les enfants on eut le choix entre une activit\u00e9 cano\u00eb et une sortie au city (le terrain multisport qui se trouve au centre du village). En effet, au city, un groupe d&rsquo;enfant a fait un mini-foot &hellip; <a href=\"https:\/\/www.voilco-aster.fr\/blog-sejours-vacances\/2021\/08\/20\/vendredi-20-aout\/\" class=\"more-link\">Continuer la lecture de <span class=\"screen-reader-text\">Vendredi 20 ao\u00fbt<\/span><\/a><\/p>\n","protected":false},"author":6,"featured_media":0,"comment_status":"open","ping_status":"closed","sticky":false,"template":"","format":"standard","meta":{"footnotes":""},"categories":[1],"tags":[],"class_list":["post-7275","post","type-post","status-publish","format-standard","hentry","category-sejours-ete"],"_links":{"self":[{"href":"https:\/\/www.voilco-aster.fr\/blog-sejours-vacances\/wp-json\/wp\/v2\/posts\/7275","targetHints":{"allow":["GET"]}}],"collection":[{"href":"https:\/\/www.voilco-aster.fr\/blog-sejours-vacances\/wp-json\/wp\/v2\/posts"}],"about":[{"href":"https:\/\/www.voilco-aster.fr\/blog-sejours-vacances\/wp-json\/wp\/v2\/types\/post"}],"author":[{"embeddable":true,"href":"https:\/\/www.voilco-aster.fr\/blog-sejours-vacances\/wp-json\/wp\/v2\/users\/6"}],"replies":[{"embeddable":true,"href":"https:\/\/www.voilco-aster.fr\/blog-sejours-vacances\/wp-json\/wp\/v2\/comments?post=7275"}],"version-history":[{"count":1,"href":"https:\/\/www.voilco-aster.fr\/blog-sejours-vacances\/wp-json\/wp\/v2\/posts\/7275\/revisions"}],"predecessor-version":[{"id":7279,"href":"https:\/\/www.voilco-aster.fr\/blog-sejours-vacances\/wp-json\/wp\/v2\/posts\/7275\/revisions\/7279"}],"wp:attachment":[{"href":"https:\/\/www.voilco-aster.fr\/blog-sejours-vacances\/wp-json\/wp\/v2\/media?parent=7275"}],"wp:term":[{"taxonomy":"category","embeddable":true,"href":"https:\/\/www.voilco-aster.fr\/blog-sejours-vacances\/wp-json\/wp\/v2\/categories?post=7275"},{"taxonomy":"post_tag","embeddable":true,"href":"https:\/\/www.voilco-aster.fr\/blog-sejours-vacances\/wp-json\/wp\/v2\/tags?post=7275"}],"curies":[{"name":"wp","href":"https:\/\/api.w.org\/{rel}","templated":true}]}}