{"id":9365,"date":"2025-08-06T10:14:36","date_gmt":"2025-08-06T09:14:36","guid":{"rendered":"https:\/\/www.voilco-aster.fr\/blog-sejours-vacances\/?p=9365"},"modified":"2025-08-06T10:14:36","modified_gmt":"2025-08-06T09:14:36","slug":"les-vacances-continuent-mardi-5-aout","status":"publish","type":"post","link":"https:\/\/www.voilco-aster.fr\/blog-sejours-vacances\/2025\/08\/06\/les-vacances-continuent-mardi-5-aout\/","title":{"rendered":"Les vacances continuent &#8211; Mardi 5 ao\u00fbt"},"content":{"rendered":"\n<p>La premi\u00e8re randonn\u00e9e est partie pour 3 jours et 2 nuits sous tente. Les projets d&rsquo;animation continuent avec des enfants tr\u00e8s investis. Ils ont \u00e9galement participer \u00e0 un atelier poterie, jouer \u00e0 la th\u00e8que et faire du handball. La journ\u00e9e s&rsquo;est termin\u00e9e par une soir\u00e9e barbecue. Les enfants ont particip\u00e9 \u00e0 la pr\u00e9paration des l\u00e9gumes et on su g\u00e9rer la cuisson \u00e0 la perfection.<\/p>\n\n\n\n<figure class=\"wp-block-gallery has-nested-images columns-default is-cropped wp-block-gallery-1 is-layout-flex wp-block-gallery-is-layout-flex\">\n<figure class=\"wp-block-image size-large\"><img loading=\"lazy\" decoding=\"async\" width=\"800\" height=\"600\" data-id=\"9366\" src=\"https:\/\/www.voilco-aster.fr\/blog-sejours-vacances\/files\/2025\/08\/IMG-20250806-WA0001-800x600.jpg\" alt=\"\" class=\"wp-image-9366\" srcset=\"https:\/\/www.voilco-aster.fr\/blog-sejours-vacances\/files\/2025\/08\/IMG-20250806-WA0001-800x600.jpg 800w, https:\/\/www.voilco-aster.fr\/blog-sejours-vacances\/files\/2025\/08\/IMG-20250806-WA0001-300x225.jpg 300w, https:\/\/www.voilco-aster.fr\/blog-sejours-vacances\/files\/2025\/08\/IMG-20250806-WA0001-768x576.jpg 768w, https:\/\/www.voilco-aster.fr\/blog-sejours-vacances\/files\/2025\/08\/IMG-20250806-WA0001-1536x1152.jpg 1536w, https:\/\/www.voilco-aster.fr\/blog-sejours-vacances\/files\/2025\/08\/IMG-20250806-WA0001.jpg 1600w\" sizes=\"auto, (max-width: 800px) 100vw, 800px\" \/><\/figure>\n\n\n\n<figure class=\"wp-block-image size-large\"><img loading=\"lazy\" decoding=\"async\" width=\"800\" height=\"600\" data-id=\"9367\" src=\"https:\/\/www.voilco-aster.fr\/blog-sejours-vacances\/files\/2025\/08\/IMG-20250806-WA0000-800x600.jpg\" alt=\"\" class=\"wp-image-9367\" srcset=\"https:\/\/www.voilco-aster.fr\/blog-sejours-vacances\/files\/2025\/08\/IMG-20250806-WA0000-800x600.jpg 800w, https:\/\/www.voilco-aster.fr\/blog-sejours-vacances\/files\/2025\/08\/IMG-20250806-WA0000-300x225.jpg 300w, https:\/\/www.voilco-aster.fr\/blog-sejours-vacances\/files\/2025\/08\/IMG-20250806-WA0000-768x576.jpg 768w, https:\/\/www.voilco-aster.fr\/blog-sejours-vacances\/files\/2025\/08\/IMG-20250806-WA0000-1536x1152.jpg 1536w, https:\/\/www.voilco-aster.fr\/blog-sejours-vacances\/files\/2025\/08\/IMG-20250806-WA0000.jpg 2040w\" sizes=\"auto, (max-width: 800px) 100vw, 800px\" \/><\/figure>\n\n\n\n<figure class=\"wp-block-image size-large\"><img loading=\"lazy\" decoding=\"async\" width=\"800\" height=\"600\" data-id=\"9377\" src=\"https:\/\/www.voilco-aster.fr\/blog-sejours-vacances\/files\/2025\/08\/20250805_110907-800x600.jpg\" alt=\"\" class=\"wp-image-9377\" srcset=\"https:\/\/www.voilco-aster.fr\/blog-sejours-vacances\/files\/2025\/08\/20250805_110907-800x600.jpg 800w, https:\/\/www.voilco-aster.fr\/blog-sejours-vacances\/files\/2025\/08\/20250805_110907-300x225.jpg 300w, https:\/\/www.voilco-aster.fr\/blog-sejours-vacances\/files\/2025\/08\/20250805_110907-768x576.jpg 768w, https:\/\/www.voilco-aster.fr\/blog-sejours-vacances\/files\/2025\/08\/20250805_110907-1536x1152.jpg 1536w, https:\/\/www.voilco-aster.fr\/blog-sejours-vacances\/files\/2025\/08\/20250805_110907-2048x1536.jpg 2048w\" sizes=\"auto, (max-width: 800px) 100vw, 800px\" \/><\/figure>\n\n\n\n<figure class=\"wp-block-image size-large\"><img loading=\"lazy\" decoding=\"async\" width=\"800\" height=\"600\" data-id=\"9374\" src=\"https:\/\/www.voilco-aster.fr\/blog-sejours-vacances\/files\/2025\/08\/IMG-20250806-WA0021-800x600.jpg\" alt=\"\" class=\"wp-image-9374\" srcset=\"https:\/\/www.voilco-aster.fr\/blog-sejours-vacances\/files\/2025\/08\/IMG-20250806-WA0021-800x600.jpg 800w, https:\/\/www.voilco-aster.fr\/blog-sejours-vacances\/files\/2025\/08\/IMG-20250806-WA0021-300x225.jpg 300w, https:\/\/www.voilco-aster.fr\/blog-sejours-vacances\/files\/2025\/08\/IMG-20250806-WA0021-768x576.jpg 768w, https:\/\/www.voilco-aster.fr\/blog-sejours-vacances\/files\/2025\/08\/IMG-20250806-WA0021-1536x1152.jpg 1536w, https:\/\/www.voilco-aster.fr\/blog-sejours-vacances\/files\/2025\/08\/IMG-20250806-WA0021.jpg 2000w\" sizes=\"auto, (max-width: 800px) 100vw, 800px\" \/><\/figure>\n\n\n\n<figure class=\"wp-block-image size-large\"><img loading=\"lazy\" decoding=\"async\" width=\"600\" height=\"800\" data-id=\"9376\" src=\"https:\/\/www.voilco-aster.fr\/blog-sejours-vacances\/files\/2025\/08\/IMG-20250806-WA0020-600x800.jpg\" alt=\"\" class=\"wp-image-9376\" srcset=\"https:\/\/www.voilco-aster.fr\/blog-sejours-vacances\/files\/2025\/08\/IMG-20250806-WA0020-600x800.jpg 600w, https:\/\/www.voilco-aster.fr\/blog-sejours-vacances\/files\/2025\/08\/IMG-20250806-WA0020-225x300.jpg 225w, https:\/\/www.voilco-aster.fr\/blog-sejours-vacances\/files\/2025\/08\/IMG-20250806-WA0020-768x1024.jpg 768w, https:\/\/www.voilco-aster.fr\/blog-sejours-vacances\/files\/2025\/08\/IMG-20250806-WA0020-1152x1536.jpg 1152w, https:\/\/www.voilco-aster.fr\/blog-sejours-vacances\/files\/2025\/08\/IMG-20250806-WA0020.jpg 1536w\" sizes=\"auto, (max-width: 600px) 100vw, 600px\" \/><\/figure>\n\n\n\n<figure class=\"wp-block-image size-large\"><img loading=\"lazy\" decoding=\"async\" width=\"600\" height=\"800\" data-id=\"9369\" src=\"https:\/\/www.voilco-aster.fr\/blog-sejours-vacances\/files\/2025\/08\/IMG-20250806-WA0019-600x800.jpg\" alt=\"\" class=\"wp-image-9369\" srcset=\"https:\/\/www.voilco-aster.fr\/blog-sejours-vacances\/files\/2025\/08\/IMG-20250806-WA0019-600x800.jpg 600w, https:\/\/www.voilco-aster.fr\/blog-sejours-vacances\/files\/2025\/08\/IMG-20250806-WA0019-225x300.jpg 225w, https:\/\/www.voilco-aster.fr\/blog-sejours-vacances\/files\/2025\/08\/IMG-20250806-WA0019-768x1024.jpg 768w, https:\/\/www.voilco-aster.fr\/blog-sejours-vacances\/files\/2025\/08\/IMG-20250806-WA0019-1152x1536.jpg 1152w, https:\/\/www.voilco-aster.fr\/blog-sejours-vacances\/files\/2025\/08\/IMG-20250806-WA0019.jpg 1536w\" sizes=\"auto, (max-width: 600px) 100vw, 600px\" \/><\/figure>\n\n\n\n<figure class=\"wp-block-image size-large\"><img loading=\"lazy\" decoding=\"async\" width=\"600\" height=\"800\" data-id=\"9372\" src=\"https:\/\/www.voilco-aster.fr\/blog-sejours-vacances\/files\/2025\/08\/IMG-20250806-WA0017-600x800.jpg\" alt=\"\" class=\"wp-image-9372\" srcset=\"https:\/\/www.voilco-aster.fr\/blog-sejours-vacances\/files\/2025\/08\/IMG-20250806-WA0017-600x800.jpg 600w, https:\/\/www.voilco-aster.fr\/blog-sejours-vacances\/files\/2025\/08\/IMG-20250806-WA0017-225x300.jpg 225w, https:\/\/www.voilco-aster.fr\/blog-sejours-vacances\/files\/2025\/08\/IMG-20250806-WA0017-768x1024.jpg 768w, https:\/\/www.voilco-aster.fr\/blog-sejours-vacances\/files\/2025\/08\/IMG-20250806-WA0017-1152x1536.jpg 1152w, https:\/\/www.voilco-aster.fr\/blog-sejours-vacances\/files\/2025\/08\/IMG-20250806-WA0017.jpg 1536w\" sizes=\"auto, (max-width: 600px) 100vw, 600px\" \/><\/figure>\n\n\n\n<figure class=\"wp-block-image size-large\"><img loading=\"lazy\" decoding=\"async\" width=\"600\" height=\"800\" data-id=\"9371\" src=\"https:\/\/www.voilco-aster.fr\/blog-sejours-vacances\/files\/2025\/08\/IMG-20250806-WA0014-600x800.jpg\" alt=\"\" class=\"wp-image-9371\" srcset=\"https:\/\/www.voilco-aster.fr\/blog-sejours-vacances\/files\/2025\/08\/IMG-20250806-WA0014-600x800.jpg 600w, https:\/\/www.voilco-aster.fr\/blog-sejours-vacances\/files\/2025\/08\/IMG-20250806-WA0014-225x300.jpg 225w, https:\/\/www.voilco-aster.fr\/blog-sejours-vacances\/files\/2025\/08\/IMG-20250806-WA0014-768x1024.jpg 768w, https:\/\/www.voilco-aster.fr\/blog-sejours-vacances\/files\/2025\/08\/IMG-20250806-WA0014-1152x1536.jpg 1152w, https:\/\/www.voilco-aster.fr\/blog-sejours-vacances\/files\/2025\/08\/IMG-20250806-WA0014.jpg 1536w\" sizes=\"auto, (max-width: 600px) 100vw, 600px\" \/><\/figure>\n\n\n\n<figure class=\"wp-block-image size-large\"><img loading=\"lazy\" decoding=\"async\" width=\"600\" height=\"800\" data-id=\"9375\" src=\"https:\/\/www.voilco-aster.fr\/blog-sejours-vacances\/files\/2025\/08\/IMG-20250806-WA0013-600x800.jpg\" alt=\"\" class=\"wp-image-9375\" srcset=\"https:\/\/www.voilco-aster.fr\/blog-sejours-vacances\/files\/2025\/08\/IMG-20250806-WA0013-600x800.jpg 600w, https:\/\/www.voilco-aster.fr\/blog-sejours-vacances\/files\/2025\/08\/IMG-20250806-WA0013-225x300.jpg 225w, https:\/\/www.voilco-aster.fr\/blog-sejours-vacances\/files\/2025\/08\/IMG-20250806-WA0013-768x1024.jpg 768w, https:\/\/www.voilco-aster.fr\/blog-sejours-vacances\/files\/2025\/08\/IMG-20250806-WA0013-1152x1536.jpg 1152w, https:\/\/www.voilco-aster.fr\/blog-sejours-vacances\/files\/2025\/08\/IMG-20250806-WA0013.jpg 1536w\" sizes=\"auto, (max-width: 600px) 100vw, 600px\" \/><\/figure>\n\n\n\n<figure class=\"wp-block-image size-large\"><img loading=\"lazy\" decoding=\"async\" width=\"600\" height=\"800\" data-id=\"9370\" src=\"https:\/\/www.voilco-aster.fr\/blog-sejours-vacances\/files\/2025\/08\/IMG-20250806-WA0012-600x800.jpg\" alt=\"\" class=\"wp-image-9370\" srcset=\"https:\/\/www.voilco-aster.fr\/blog-sejours-vacances\/files\/2025\/08\/IMG-20250806-WA0012-600x800.jpg 600w, https:\/\/www.voilco-aster.fr\/blog-sejours-vacances\/files\/2025\/08\/IMG-20250806-WA0012-225x300.jpg 225w, https:\/\/www.voilco-aster.fr\/blog-sejours-vacances\/files\/2025\/08\/IMG-20250806-WA0012-768x1024.jpg 768w, https:\/\/www.voilco-aster.fr\/blog-sejours-vacances\/files\/2025\/08\/IMG-20250806-WA0012-1152x1536.jpg 1152w, https:\/\/www.voilco-aster.fr\/blog-sejours-vacances\/files\/2025\/08\/IMG-20250806-WA0012.jpg 1536w\" sizes=\"auto, (max-width: 600px) 100vw, 600px\" \/><\/figure>\n\n\n\n<figure class=\"wp-block-image size-large\"><img loading=\"lazy\" decoding=\"async\" width=\"600\" height=\"800\" data-id=\"9368\" src=\"https:\/\/www.voilco-aster.fr\/blog-sejours-vacances\/files\/2025\/08\/IMG-20250806-WA0011-600x800.jpg\" alt=\"\" class=\"wp-image-9368\" srcset=\"https:\/\/www.voilco-aster.fr\/blog-sejours-vacances\/files\/2025\/08\/IMG-20250806-WA0011-600x800.jpg 600w, https:\/\/www.voilco-aster.fr\/blog-sejours-vacances\/files\/2025\/08\/IMG-20250806-WA0011-225x300.jpg 225w, https:\/\/www.voilco-aster.fr\/blog-sejours-vacances\/files\/2025\/08\/IMG-20250806-WA0011-768x1024.jpg 768w, https:\/\/www.voilco-aster.fr\/blog-sejours-vacances\/files\/2025\/08\/IMG-20250806-WA0011-1152x1536.jpg 1152w, https:\/\/www.voilco-aster.fr\/blog-sejours-vacances\/files\/2025\/08\/IMG-20250806-WA0011.jpg 1536w\" sizes=\"auto, (max-width: 600px) 100vw, 600px\" \/><\/figure>\n\n\n\n<figure class=\"wp-block-image size-large\"><img loading=\"lazy\" decoding=\"async\" width=\"800\" height=\"600\" data-id=\"9373\" src=\"https:\/\/www.voilco-aster.fr\/blog-sejours-vacances\/files\/2025\/08\/IMG-20250806-WA0006-800x600.jpg\" alt=\"\" class=\"wp-image-9373\" srcset=\"https:\/\/www.voilco-aster.fr\/blog-sejours-vacances\/files\/2025\/08\/IMG-20250806-WA0006-800x600.jpg 800w, https:\/\/www.voilco-aster.fr\/blog-sejours-vacances\/files\/2025\/08\/IMG-20250806-WA0006-300x225.jpg 300w, https:\/\/www.voilco-aster.fr\/blog-sejours-vacances\/files\/2025\/08\/IMG-20250806-WA0006-768x576.jpg 768w, https:\/\/www.voilco-aster.fr\/blog-sejours-vacances\/files\/2025\/08\/IMG-20250806-WA0006-1536x1152.jpg 1536w, https:\/\/www.voilco-aster.fr\/blog-sejours-vacances\/files\/2025\/08\/IMG-20250806-WA0006.jpg 1600w\" sizes=\"auto, (max-width: 800px) 100vw, 800px\" \/><\/figure>\n<\/figure>\n","protected":false},"excerpt":{"rendered":"<p>La premi\u00e8re randonn\u00e9e est partie pour 3 jours et 2 nuits sous tente. Les projets d&rsquo;animation continuent avec des enfants tr\u00e8s investis. Ils ont \u00e9galement participer \u00e0 un atelier poterie, jouer \u00e0 la th\u00e8que et faire du handball. La journ\u00e9e s&rsquo;est termin\u00e9e par une soir\u00e9e barbecue. Les enfants ont particip\u00e9 \u00e0 la pr\u00e9paration des l\u00e9gumes &hellip; <a href=\"https:\/\/www.voilco-aster.fr\/blog-sejours-vacances\/2025\/08\/06\/les-vacances-continuent-mardi-5-aout\/\" class=\"more-link\">Continuer la lecture de <span class=\"screen-reader-text\">Les vacances continuent &#8211; Mardi 5 ao\u00fbt<\/span><\/a><\/p>\n","protected":false},"author":3,"featured_media":0,"comment_status":"open","ping_status":"closed","sticky":false,"template":"","format":"standard","meta":{"footnotes":""},"categories":[1],"tags":[],"class_list":["post-9365","post","type-post","status-publish","format-standard","hentry","category-sejours-ete"],"_links":{"self":[{"href":"https:\/\/www.voilco-aster.fr\/blog-sejours-vacances\/wp-json\/wp\/v2\/posts\/9365","targetHints":{"allow":["GET"]}}],"collection":[{"href":"https:\/\/www.voilco-aster.fr\/blog-sejours-vacances\/wp-json\/wp\/v2\/posts"}],"about":[{"href":"https:\/\/www.voilco-aster.fr\/blog-sejours-vacances\/wp-json\/wp\/v2\/types\/post"}],"author":[{"embeddable":true,"href":"https:\/\/www.voilco-aster.fr\/blog-sejours-vacances\/wp-json\/wp\/v2\/users\/3"}],"replies":[{"embeddable":true,"href":"https:\/\/www.voilco-aster.fr\/blog-sejours-vacances\/wp-json\/wp\/v2\/comments?post=9365"}],"version-history":[{"count":1,"href":"https:\/\/www.voilco-aster.fr\/blog-sejours-vacances\/wp-json\/wp\/v2\/posts\/9365\/revisions"}],"predecessor-version":[{"id":9378,"href":"https:\/\/www.voilco-aster.fr\/blog-sejours-vacances\/wp-json\/wp\/v2\/posts\/9365\/revisions\/9378"}],"wp:attachment":[{"href":"https:\/\/www.voilco-aster.fr\/blog-sejours-vacances\/wp-json\/wp\/v2\/media?parent=9365"}],"wp:term":[{"taxonomy":"category","embeddable":true,"href":"https:\/\/www.voilco-aster.fr\/blog-sejours-vacances\/wp-json\/wp\/v2\/categories?post=9365"},{"taxonomy":"post_tag","embeddable":true,"href":"https:\/\/www.voilco-aster.fr\/blog-sejours-vacances\/wp-json\/wp\/v2\/tags?post=9365"}],"curies":[{"name":"wp","href":"https:\/\/api.w.org\/{rel}","templated":true}]}}