{"id":9410,"date":"2025-10-20T22:18:29","date_gmt":"2025-10-20T21:18:29","guid":{"rendered":"https:\/\/www.voilco-aster.fr\/blog-sejours-vacances\/?p=9410"},"modified":"2025-10-20T22:18:29","modified_gmt":"2025-10-20T21:18:29","slug":"colo-a-vos-ptites-mains","status":"publish","type":"post","link":"https:\/\/www.voilco-aster.fr\/blog-sejours-vacances\/2025\/10\/20\/colo-a-vos-ptites-mains\/","title":{"rendered":"Colo \u00ab\u00a0\u00e0 vos p&rsquo;tites mains\u00a0\u00bb"},"content":{"rendered":"\n<p>Bonjour tout le monde&nbsp;!<\/p>\n\n\n\n<p>On vous donne quelques nouvelles de notre premi\u00e8re journ\u00e9e de colo.<\/p>\n\n\n\n<p>Ce matin, on a d\u00e9fait ma valise, et nous nous sommes regroup\u00e9s pour parler des r\u00e8gles de vie. On a jou\u00e9 \u00e0 des jeux et nous sommes aller manger&nbsp;! Miam miam Le repas \u00e9tait bien bon&nbsp;! Apr\u00e8s le repas nous avons fait un pouik pouik dans les bois. <em>M\u00e9linda<\/em><\/p>\n\n\n\n<p>Activit\u00e9 Collage&nbsp;: On a utilis\u00e9 des supports de diff\u00e9rentes formes en carton. On avait pleins de mat\u00e9riaux diff\u00e9rents (papiers de couleurs, coton, papier cadeau, vieille BD, Vieux livres, partition de musique, carte routi\u00e8re, laine, \u2026 On a bien aim\u00e9 car l\u2019on a pu choisir ce que l\u2019on voulait, et que c\u2019\u00e9tait une premi\u00e8re pour nous d\u2019utiliser toutes ses choses diff\u00e9rentes.<\/p>\n\n\n\n<p>Walid et Octave<\/p>\n\n\n\n<p>Activit\u00e9 couture\u00a0: On a appris \u00e0 coudre \u00e0 la main avec une aiguille et \u00e0 la machine pour faire un sac. C\u2019\u00e9tait g\u00e9nial et difficile. C\u2019\u00e9tait aussi nouveau.<\/p>\n\n\n\n<p>M\u00e9linda, Eloyse, Louis et Cassandra<\/p>\n\n\n\n<p>Activit\u00e9 papier recycl\u00e9 : On a fabriqu\u00e9 du papier recycl\u00e9 avec des boites d\u2019\u0153ufs de diff\u00e9rentes couleurs et du papier journal. C&rsquo;\u00e9tait tr\u00e8s rigolo. Demain on va l&rsquo;utiliser pour fabriquer un petit carnet. <\/p>\n\n\n\n<p>Maryama, Ma\u00eblan, Lena, Maissa, Leela<\/p>\n\n\n\n<p>En fin de journ\u00e9e nous avons pr\u00e9parer des g\u00e2teaux avec Momo pour le go\u00fbter de demain.<\/p>\n\n\n\n<p>Et ce soir c\u2019\u00e9tait veill\u00e9e jeux de soci\u00e9t\u00e9.<\/p>\n\n\n\n<div class=\"wp-block-columns is-layout-flex wp-container-core-columns-is-layout-1 wp-block-columns-is-layout-flex\">\n<div class=\"wp-block-column is-layout-flow wp-block-column-is-layout-flow\" style=\"flex-basis:100%\">\n<figure class=\"wp-block-image size-large is-resized\"><img loading=\"lazy\" decoding=\"async\" width=\"600\" height=\"800\" src=\"https:\/\/www.voilco-aster.fr\/blog-sejours-vacances\/files\/2025\/10\/20251020_180414-600x800.jpg\" alt=\"\" class=\"wp-image-9411\" style=\"width:327px;height:auto\" srcset=\"https:\/\/www.voilco-aster.fr\/blog-sejours-vacances\/files\/2025\/10\/20251020_180414-600x800.jpg 600w, https:\/\/www.voilco-aster.fr\/blog-sejours-vacances\/files\/2025\/10\/20251020_180414-225x300.jpg 225w, https:\/\/www.voilco-aster.fr\/blog-sejours-vacances\/files\/2025\/10\/20251020_180414-768x1024.jpg 768w, https:\/\/www.voilco-aster.fr\/blog-sejours-vacances\/files\/2025\/10\/20251020_180414-1152x1536.jpg 1152w, https:\/\/www.voilco-aster.fr\/blog-sejours-vacances\/files\/2025\/10\/20251020_180414-1536x2048.jpg 1536w, https:\/\/www.voilco-aster.fr\/blog-sejours-vacances\/files\/2025\/10\/20251020_180414-scaled.jpg 1920w\" sizes=\"auto, (max-width: 600px) 100vw, 600px\" \/><\/figure>\n<\/div>\n<\/div>\n\n\n\n<figure class=\"wp-block-image size-large is-resized\"><img loading=\"lazy\" decoding=\"async\" width=\"800\" height=\"600\" src=\"https:\/\/www.voilco-aster.fr\/blog-sejours-vacances\/files\/2025\/10\/20251020_181437-800x600.jpg\" alt=\"\" class=\"wp-image-9413\" style=\"width:348px;height:auto\" srcset=\"https:\/\/www.voilco-aster.fr\/blog-sejours-vacances\/files\/2025\/10\/20251020_181437-800x600.jpg 800w, https:\/\/www.voilco-aster.fr\/blog-sejours-vacances\/files\/2025\/10\/20251020_181437-300x225.jpg 300w, https:\/\/www.voilco-aster.fr\/blog-sejours-vacances\/files\/2025\/10\/20251020_181437-768x576.jpg 768w, https:\/\/www.voilco-aster.fr\/blog-sejours-vacances\/files\/2025\/10\/20251020_181437-1536x1152.jpg 1536w, https:\/\/www.voilco-aster.fr\/blog-sejours-vacances\/files\/2025\/10\/20251020_181437-2048x1536.jpg 2048w\" sizes=\"auto, (max-width: 800px) 100vw, 800px\" \/><\/figure>\n\n\n\n<figure class=\"wp-block-image size-large is-resized\"><img loading=\"lazy\" decoding=\"async\" width=\"800\" height=\"600\" src=\"https:\/\/www.voilco-aster.fr\/blog-sejours-vacances\/files\/2025\/10\/20251020_181546-800x600.jpg\" alt=\"\" class=\"wp-image-9414\" style=\"width:344px;height:auto\" srcset=\"https:\/\/www.voilco-aster.fr\/blog-sejours-vacances\/files\/2025\/10\/20251020_181546-800x600.jpg 800w, https:\/\/www.voilco-aster.fr\/blog-sejours-vacances\/files\/2025\/10\/20251020_181546-300x225.jpg 300w, https:\/\/www.voilco-aster.fr\/blog-sejours-vacances\/files\/2025\/10\/20251020_181546-768x576.jpg 768w, https:\/\/www.voilco-aster.fr\/blog-sejours-vacances\/files\/2025\/10\/20251020_181546-1536x1152.jpg 1536w, https:\/\/www.voilco-aster.fr\/blog-sejours-vacances\/files\/2025\/10\/20251020_181546-2048x1536.jpg 2048w\" sizes=\"auto, (max-width: 800px) 100vw, 800px\" \/><\/figure>\n\n\n\n<figure class=\"wp-block-image size-large is-resized\"><img loading=\"lazy\" decoding=\"async\" width=\"800\" height=\"600\" src=\"https:\/\/www.voilco-aster.fr\/blog-sejours-vacances\/files\/2025\/10\/20251020_180649-800x600.jpg\" alt=\"\" class=\"wp-image-9412\" style=\"width:357px;height:auto\" srcset=\"https:\/\/www.voilco-aster.fr\/blog-sejours-vacances\/files\/2025\/10\/20251020_180649-800x600.jpg 800w, https:\/\/www.voilco-aster.fr\/blog-sejours-vacances\/files\/2025\/10\/20251020_180649-300x225.jpg 300w, https:\/\/www.voilco-aster.fr\/blog-sejours-vacances\/files\/2025\/10\/20251020_180649-768x576.jpg 768w, https:\/\/www.voilco-aster.fr\/blog-sejours-vacances\/files\/2025\/10\/20251020_180649-1536x1152.jpg 1536w, https:\/\/www.voilco-aster.fr\/blog-sejours-vacances\/files\/2025\/10\/20251020_180649-2048x1536.jpg 2048w\" sizes=\"auto, (max-width: 800px) 100vw, 800px\" \/><\/figure>\n\n\n\n<figure class=\"wp-block-image size-large is-resized\"><img loading=\"lazy\" decoding=\"async\" width=\"800\" height=\"600\" src=\"https:\/\/www.voilco-aster.fr\/blog-sejours-vacances\/files\/2025\/10\/20251020_181705-800x600.jpg\" alt=\"\" class=\"wp-image-9415\" style=\"width:354px;height:auto\" srcset=\"https:\/\/www.voilco-aster.fr\/blog-sejours-vacances\/files\/2025\/10\/20251020_181705-800x600.jpg 800w, https:\/\/www.voilco-aster.fr\/blog-sejours-vacances\/files\/2025\/10\/20251020_181705-300x225.jpg 300w, https:\/\/www.voilco-aster.fr\/blog-sejours-vacances\/files\/2025\/10\/20251020_181705-768x576.jpg 768w, https:\/\/www.voilco-aster.fr\/blog-sejours-vacances\/files\/2025\/10\/20251020_181705-1536x1152.jpg 1536w, https:\/\/www.voilco-aster.fr\/blog-sejours-vacances\/files\/2025\/10\/20251020_181705-2048x1536.jpg 2048w\" sizes=\"auto, (max-width: 800px) 100vw, 800px\" \/><\/figure>\n","protected":false},"excerpt":{"rendered":"<p>Bonjour tout le monde&nbsp;! On vous donne quelques nouvelles de notre premi\u00e8re journ\u00e9e de colo. Ce matin, on a d\u00e9fait ma valise, et nous nous sommes regroup\u00e9s pour parler des r\u00e8gles de vie. On a jou\u00e9 \u00e0 des jeux et nous sommes aller manger&nbsp;! Miam miam Le repas \u00e9tait bien bon&nbsp;! Apr\u00e8s le repas nous &hellip; <a href=\"https:\/\/www.voilco-aster.fr\/blog-sejours-vacances\/2025\/10\/20\/colo-a-vos-ptites-mains\/\" class=\"more-link\">Continuer la lecture de <span class=\"screen-reader-text\">Colo \u00ab\u00a0\u00e0 vos p&rsquo;tites mains\u00a0\u00bb<\/span><\/a><\/p>\n","protected":false},"author":7,"featured_media":0,"comment_status":"open","ping_status":"closed","sticky":false,"template":"","format":"standard","meta":{"footnotes":""},"categories":[1],"tags":[],"class_list":["post-9410","post","type-post","status-publish","format-standard","hentry","category-sejours-ete"],"_links":{"self":[{"href":"https:\/\/www.voilco-aster.fr\/blog-sejours-vacances\/wp-json\/wp\/v2\/posts\/9410","targetHints":{"allow":["GET"]}}],"collection":[{"href":"https:\/\/www.voilco-aster.fr\/blog-sejours-vacances\/wp-json\/wp\/v2\/posts"}],"about":[{"href":"https:\/\/www.voilco-aster.fr\/blog-sejours-vacances\/wp-json\/wp\/v2\/types\/post"}],"author":[{"embeddable":true,"href":"https:\/\/www.voilco-aster.fr\/blog-sejours-vacances\/wp-json\/wp\/v2\/users\/7"}],"replies":[{"embeddable":true,"href":"https:\/\/www.voilco-aster.fr\/blog-sejours-vacances\/wp-json\/wp\/v2\/comments?post=9410"}],"version-history":[{"count":1,"href":"https:\/\/www.voilco-aster.fr\/blog-sejours-vacances\/wp-json\/wp\/v2\/posts\/9410\/revisions"}],"predecessor-version":[{"id":9416,"href":"https:\/\/www.voilco-aster.fr\/blog-sejours-vacances\/wp-json\/wp\/v2\/posts\/9410\/revisions\/9416"}],"wp:attachment":[{"href":"https:\/\/www.voilco-aster.fr\/blog-sejours-vacances\/wp-json\/wp\/v2\/media?parent=9410"}],"wp:term":[{"taxonomy":"category","embeddable":true,"href":"https:\/\/www.voilco-aster.fr\/blog-sejours-vacances\/wp-json\/wp\/v2\/categories?post=9410"},{"taxonomy":"post_tag","embeddable":true,"href":"https:\/\/www.voilco-aster.fr\/blog-sejours-vacances\/wp-json\/wp\/v2\/tags?post=9410"}],"curies":[{"name":"wp","href":"https:\/\/api.w.org\/{rel}","templated":true}]}}