{"id":9417,"date":"2025-10-21T21:37:03","date_gmt":"2025-10-21T20:37:03","guid":{"rendered":"https:\/\/www.voilco-aster.fr\/blog-sejours-vacances\/?p=9417"},"modified":"2025-10-21T21:37:03","modified_gmt":"2025-10-21T20:37:03","slug":"colo-a-vos-ptites-mains-jour-2","status":"publish","type":"post","link":"https:\/\/www.voilco-aster.fr\/blog-sejours-vacances\/2025\/10\/21\/colo-a-vos-ptites-mains-jour-2\/","title":{"rendered":"Colo \u00ab\u00a0\u00e0 vos p&rsquo;tites mains\u00a0\u00bb &#8211; Jour 2"},"content":{"rendered":"\n<p><strong>Chers Parents,<\/strong><\/p>\n\n\n\n<p>La journ\u00e9e a \u00e9t\u00e9 une nouvelle fois riche en cr\u00e9ativit\u00e9 et en d\u00e9couvertes !<\/p>\n\n\n\n<p>Ce matin, l&rsquo;atelier couture a permis aux enfants de r\u00e9aliser de ravissants petits coussins. Ils ont choisi diff\u00e9rentes formes (nuage, c\u0153ur, goutte, \u00e9toile) et se sont appliqu\u00e9s \u00e0 la couture \u00e0 la main et au rembourrage. Nous avons \u00e9galement r\u00e9pondu \u00e0 leur demande en utilisant une nouvelle fois le papier recycl\u00e9 pour de nouvelles cr\u00e9ations. Enfin, ils ont explor\u00e9 la confection d&rsquo;animaux en laine, apprenant diff\u00e9rentes techniques comme le tissage, la couture et le collage.<\/p>\n\n\n\n<p>Comme toujours, l&rsquo;apr\u00e8s-midi a d\u00e9but\u00e9 par des petits jeux pour se d\u00e9fouler et se remettre en mouvement apr\u00e8s ces moments de concentration. C&rsquo;est le moment id\u00e9al pour se d\u00e9penser un peu avant de se replonger dans les cr\u00e9ations commenc\u00e9es lundi !<\/p>\n\n\n\n<p>Quelques \u00e9claircies ont permis aux plus courageux de profiter de l&rsquo;ext\u00e9rieur, notamment de la for\u00eat et des cabanes du centre, pour des moments de jeu et de libert\u00e9.<\/p>\n\n\n\n<p>L&rsquo;atelier cr\u00eapes a rencontr\u00e9 un vif succ\u00e8s aupr\u00e8s des volontaires ! Leurs d\u00e9licieuses r\u00e9alisations ont \u00e9t\u00e9 servies au repas du soir.<\/p>\n\n\n\n<p>La veill\u00e9e, quant \u00e0 elle, \u00e9tait plac\u00e9e sous le signe du calme pour pr\u00e9parer la derni\u00e8re soir\u00e9e. Install\u00e9s confortablement sous une lumi\u00e8re tamis\u00e9e, les enfants se sont laiss\u00e9s bercer par des contes et l\u00e9gendes. Une fin de journ\u00e9e parfaite pour s&rsquo;assurer de jolis r\u00eaves !<\/p>\n\n\n\n<p>\u00c0 tr\u00e8s vite !<\/p>\n\n\n\n<p>L&rsquo;\u00e9quipe d&rsquo;animation.<\/p>\n\n\n\n<figure class=\"wp-block-gallery has-nested-images columns-default is-cropped wp-block-gallery-1 is-layout-flex wp-block-gallery-is-layout-flex\">\n<figure class=\"wp-block-image size-large\"><img loading=\"lazy\" decoding=\"async\" width=\"800\" height=\"800\" data-id=\"9422\" src=\"https:\/\/www.voilco-aster.fr\/blog-sejours-vacances\/files\/2025\/10\/signal-2025-10-21-22-16-51-552-800x800.jpg\" alt=\"\" class=\"wp-image-9422\" srcset=\"https:\/\/www.voilco-aster.fr\/blog-sejours-vacances\/files\/2025\/10\/signal-2025-10-21-22-16-51-552-800x800.jpg 800w, https:\/\/www.voilco-aster.fr\/blog-sejours-vacances\/files\/2025\/10\/signal-2025-10-21-22-16-51-552-300x300.jpg 300w, https:\/\/www.voilco-aster.fr\/blog-sejours-vacances\/files\/2025\/10\/signal-2025-10-21-22-16-51-552-150x150.jpg 150w, https:\/\/www.voilco-aster.fr\/blog-sejours-vacances\/files\/2025\/10\/signal-2025-10-21-22-16-51-552-768x768.jpg 768w, https:\/\/www.voilco-aster.fr\/blog-sejours-vacances\/files\/2025\/10\/signal-2025-10-21-22-16-51-552-1536x1536.jpg 1536w, https:\/\/www.voilco-aster.fr\/blog-sejours-vacances\/files\/2025\/10\/signal-2025-10-21-22-16-51-552.jpg 1600w\" sizes=\"auto, (max-width: 800px) 100vw, 800px\" \/><\/figure>\n\n\n\n<figure class=\"wp-block-image size-large\"><img loading=\"lazy\" decoding=\"async\" width=\"600\" height=\"800\" data-id=\"9421\" src=\"https:\/\/www.voilco-aster.fr\/blog-sejours-vacances\/files\/2025\/10\/20251021_133036-600x800.jpg\" alt=\"\" class=\"wp-image-9421\" srcset=\"https:\/\/www.voilco-aster.fr\/blog-sejours-vacances\/files\/2025\/10\/20251021_133036-600x800.jpg 600w, https:\/\/www.voilco-aster.fr\/blog-sejours-vacances\/files\/2025\/10\/20251021_133036-225x300.jpg 225w, https:\/\/www.voilco-aster.fr\/blog-sejours-vacances\/files\/2025\/10\/20251021_133036-768x1024.jpg 768w, https:\/\/www.voilco-aster.fr\/blog-sejours-vacances\/files\/2025\/10\/20251021_133036-1152x1536.jpg 1152w, https:\/\/www.voilco-aster.fr\/blog-sejours-vacances\/files\/2025\/10\/20251021_133036-1536x2048.jpg 1536w, https:\/\/www.voilco-aster.fr\/blog-sejours-vacances\/files\/2025\/10\/20251021_133036-scaled.jpg 1920w\" sizes=\"auto, (max-width: 600px) 100vw, 600px\" \/><\/figure>\n\n\n\n<figure class=\"wp-block-image size-large\"><img loading=\"lazy\" decoding=\"async\" width=\"600\" height=\"800\" data-id=\"9420\" src=\"https:\/\/www.voilco-aster.fr\/blog-sejours-vacances\/files\/2025\/10\/20251021_113023-600x800.jpg\" alt=\"\" class=\"wp-image-9420\" srcset=\"https:\/\/www.voilco-aster.fr\/blog-sejours-vacances\/files\/2025\/10\/20251021_113023-600x800.jpg 600w, https:\/\/www.voilco-aster.fr\/blog-sejours-vacances\/files\/2025\/10\/20251021_113023-225x300.jpg 225w, https:\/\/www.voilco-aster.fr\/blog-sejours-vacances\/files\/2025\/10\/20251021_113023-768x1024.jpg 768w, https:\/\/www.voilco-aster.fr\/blog-sejours-vacances\/files\/2025\/10\/20251021_113023-1152x1536.jpg 1152w, https:\/\/www.voilco-aster.fr\/blog-sejours-vacances\/files\/2025\/10\/20251021_113023-1536x2048.jpg 1536w, https:\/\/www.voilco-aster.fr\/blog-sejours-vacances\/files\/2025\/10\/20251021_113023-scaled.jpg 1920w\" sizes=\"auto, (max-width: 600px) 100vw, 600px\" \/><\/figure>\n\n\n\n<figure class=\"wp-block-image size-large\"><img loading=\"lazy\" decoding=\"async\" width=\"600\" height=\"800\" data-id=\"9419\" src=\"https:\/\/www.voilco-aster.fr\/blog-sejours-vacances\/files\/2025\/10\/20251021_112920-600x800.jpg\" alt=\"\" class=\"wp-image-9419\" srcset=\"https:\/\/www.voilco-aster.fr\/blog-sejours-vacances\/files\/2025\/10\/20251021_112920-600x800.jpg 600w, https:\/\/www.voilco-aster.fr\/blog-sejours-vacances\/files\/2025\/10\/20251021_112920-225x300.jpg 225w, https:\/\/www.voilco-aster.fr\/blog-sejours-vacances\/files\/2025\/10\/20251021_112920-768x1024.jpg 768w, https:\/\/www.voilco-aster.fr\/blog-sejours-vacances\/files\/2025\/10\/20251021_112920-1152x1536.jpg 1152w, https:\/\/www.voilco-aster.fr\/blog-sejours-vacances\/files\/2025\/10\/20251021_112920-1536x2048.jpg 1536w, https:\/\/www.voilco-aster.fr\/blog-sejours-vacances\/files\/2025\/10\/20251021_112920-scaled.jpg 1920w\" sizes=\"auto, (max-width: 600px) 100vw, 600px\" \/><\/figure>\n\n\n\n<figure class=\"wp-block-image size-large\"><img loading=\"lazy\" decoding=\"async\" width=\"800\" height=\"800\" data-id=\"9423\" src=\"https:\/\/www.voilco-aster.fr\/blog-sejours-vacances\/files\/2025\/10\/signal-2025-10-21-22-16-51-552-2-800x800.jpg\" alt=\"\" class=\"wp-image-9423\" srcset=\"https:\/\/www.voilco-aster.fr\/blog-sejours-vacances\/files\/2025\/10\/signal-2025-10-21-22-16-51-552-2-800x800.jpg 800w, https:\/\/www.voilco-aster.fr\/blog-sejours-vacances\/files\/2025\/10\/signal-2025-10-21-22-16-51-552-2-300x300.jpg 300w, https:\/\/www.voilco-aster.fr\/blog-sejours-vacances\/files\/2025\/10\/signal-2025-10-21-22-16-51-552-2-150x150.jpg 150w, https:\/\/www.voilco-aster.fr\/blog-sejours-vacances\/files\/2025\/10\/signal-2025-10-21-22-16-51-552-2-768x768.jpg 768w, https:\/\/www.voilco-aster.fr\/blog-sejours-vacances\/files\/2025\/10\/signal-2025-10-21-22-16-51-552-2-1536x1536.jpg 1536w, https:\/\/www.voilco-aster.fr\/blog-sejours-vacances\/files\/2025\/10\/signal-2025-10-21-22-16-51-552-2.jpg 1600w\" sizes=\"auto, (max-width: 800px) 100vw, 800px\" \/><\/figure>\n\n\n\n<figure class=\"wp-block-image size-large\"><img loading=\"lazy\" decoding=\"async\" width=\"800\" height=\"600\" data-id=\"9418\" src=\"https:\/\/www.voilco-aster.fr\/blog-sejours-vacances\/files\/2025\/10\/20251020_180649-1-800x600.jpg\" alt=\"\" class=\"wp-image-9418\" srcset=\"https:\/\/www.voilco-aster.fr\/blog-sejours-vacances\/files\/2025\/10\/20251020_180649-1-800x600.jpg 800w, https:\/\/www.voilco-aster.fr\/blog-sejours-vacances\/files\/2025\/10\/20251020_180649-1-300x225.jpg 300w, https:\/\/www.voilco-aster.fr\/blog-sejours-vacances\/files\/2025\/10\/20251020_180649-1-768x576.jpg 768w, https:\/\/www.voilco-aster.fr\/blog-sejours-vacances\/files\/2025\/10\/20251020_180649-1-1536x1152.jpg 1536w, https:\/\/www.voilco-aster.fr\/blog-sejours-vacances\/files\/2025\/10\/20251020_180649-1-2048x1536.jpg 2048w\" sizes=\"auto, (max-width: 800px) 100vw, 800px\" \/><\/figure>\n\n\n\n<figure class=\"wp-block-image size-large\"><img loading=\"lazy\" decoding=\"async\" width=\"600\" height=\"800\" data-id=\"9424\" src=\"https:\/\/www.voilco-aster.fr\/blog-sejours-vacances\/files\/2025\/10\/20251021_104542-600x800.jpg\" alt=\"\" class=\"wp-image-9424\" srcset=\"https:\/\/www.voilco-aster.fr\/blog-sejours-vacances\/files\/2025\/10\/20251021_104542-600x800.jpg 600w, https:\/\/www.voilco-aster.fr\/blog-sejours-vacances\/files\/2025\/10\/20251021_104542-225x300.jpg 225w, https:\/\/www.voilco-aster.fr\/blog-sejours-vacances\/files\/2025\/10\/20251021_104542-768x1024.jpg 768w, https:\/\/www.voilco-aster.fr\/blog-sejours-vacances\/files\/2025\/10\/20251021_104542-1152x1536.jpg 1152w, https:\/\/www.voilco-aster.fr\/blog-sejours-vacances\/files\/2025\/10\/20251021_104542-1536x2048.jpg 1536w, https:\/\/www.voilco-aster.fr\/blog-sejours-vacances\/files\/2025\/10\/20251021_104542-scaled.jpg 1920w\" sizes=\"auto, (max-width: 600px) 100vw, 600px\" \/><\/figure>\n<\/figure>\n","protected":false},"excerpt":{"rendered":"<p>Chers Parents, La journ\u00e9e a \u00e9t\u00e9 une nouvelle fois riche en cr\u00e9ativit\u00e9 et en d\u00e9couvertes ! Ce matin, l&rsquo;atelier couture a permis aux enfants de r\u00e9aliser de ravissants petits coussins. Ils ont choisi diff\u00e9rentes formes (nuage, c\u0153ur, goutte, \u00e9toile) et se sont appliqu\u00e9s \u00e0 la couture \u00e0 la main et au rembourrage. Nous avons \u00e9galement &hellip; <a href=\"https:\/\/www.voilco-aster.fr\/blog-sejours-vacances\/2025\/10\/21\/colo-a-vos-ptites-mains-jour-2\/\" class=\"more-link\">Continuer la lecture de <span class=\"screen-reader-text\">Colo \u00ab\u00a0\u00e0 vos p&rsquo;tites mains\u00a0\u00bb &#8211; Jour 2<\/span><\/a><\/p>\n","protected":false},"author":7,"featured_media":0,"comment_status":"open","ping_status":"closed","sticky":false,"template":"","format":"standard","meta":{"footnotes":""},"categories":[1],"tags":[],"class_list":["post-9417","post","type-post","status-publish","format-standard","hentry","category-sejours-ete"],"_links":{"self":[{"href":"https:\/\/www.voilco-aster.fr\/blog-sejours-vacances\/wp-json\/wp\/v2\/posts\/9417","targetHints":{"allow":["GET"]}}],"collection":[{"href":"https:\/\/www.voilco-aster.fr\/blog-sejours-vacances\/wp-json\/wp\/v2\/posts"}],"about":[{"href":"https:\/\/www.voilco-aster.fr\/blog-sejours-vacances\/wp-json\/wp\/v2\/types\/post"}],"author":[{"embeddable":true,"href":"https:\/\/www.voilco-aster.fr\/blog-sejours-vacances\/wp-json\/wp\/v2\/users\/7"}],"replies":[{"embeddable":true,"href":"https:\/\/www.voilco-aster.fr\/blog-sejours-vacances\/wp-json\/wp\/v2\/comments?post=9417"}],"version-history":[{"count":1,"href":"https:\/\/www.voilco-aster.fr\/blog-sejours-vacances\/wp-json\/wp\/v2\/posts\/9417\/revisions"}],"predecessor-version":[{"id":9425,"href":"https:\/\/www.voilco-aster.fr\/blog-sejours-vacances\/wp-json\/wp\/v2\/posts\/9417\/revisions\/9425"}],"wp:attachment":[{"href":"https:\/\/www.voilco-aster.fr\/blog-sejours-vacances\/wp-json\/wp\/v2\/media?parent=9417"}],"wp:term":[{"taxonomy":"category","embeddable":true,"href":"https:\/\/www.voilco-aster.fr\/blog-sejours-vacances\/wp-json\/wp\/v2\/categories?post=9417"},{"taxonomy":"post_tag","embeddable":true,"href":"https:\/\/www.voilco-aster.fr\/blog-sejours-vacances\/wp-json\/wp\/v2\/tags?post=9417"}],"curies":[{"name":"wp","href":"https:\/\/api.w.org\/{rel}","templated":true}]}}